{"id":8443,"date":"2022-02-02T12:04:19","date_gmt":"2022-02-02T11:04:19","guid":{"rendered":"https:\/\/www.fundacionmagtel.es?p=8443"},"modified":"2025-10-01T13:03:23","modified_gmt":"2025-10-01T11:03:23","slug":"the-magtel-foundation-partners-with-erasmus-for-their-ka2-cooperation-for-innovation-project","status":"publish","type":"post","link":"https:\/\/fundacionmagtel.es\/en\/the-magtel-foundation-partners-with-erasmus-for-their-ka2-cooperation-for-innovation-project\/","title":{"rendered":"The Magtel Foundation partners with Erasmus+ for their KA2 Cooperation for Innovation project"},"content":{"rendered":"\n<p><strong>The Magtel Foundation hosted a participatory\nevaluation seminar on Tuesday last<\/strong><strong><\/strong><\/p>\n\n\n\n<p><strong>Funded by the European Union, the Community\ninitiative seeks to improve the quality and effectiveness of humanitarian\naction<\/strong><strong><\/strong><\/p>\n\n\n\n<p><strong>The Magtel\nFoundation<\/strong> is one of\nthe partners committed to support <strong>the\nErasmus+ project \u201cKA2- Cooperation for Innovation and the Exchange of Good\nPractices\u201d<\/strong> (Innovation in Humanitarian Response: InovHumRe\n2020-1-PT01-KA203-078796). Funded by <a href=\"https:\/\/european-union.europa.eu\/index_en\">the European Union<\/a>, this initiative aims<strong> to improve the quality and effectiveness of\nhumanitarian action<\/strong> by improving training for students and\nprofessionals within the field. To achieve this,<strong> a curricular unit on the assessment of humanitarian aid and the\ndevelopment of learning tools will be launched.<\/strong><\/p>\n\n\n\n<p>Since NGOs\nwith experience in humanitarian response will jointly create the structure and\ncontent of the curricular unit\u2014including the learning tools and textbook\u2014the\nresults will be based on work in the field and geared towards the learning\nneeds of both students and humanitarian professionals, i.e., NGOs.<\/p>\n\n\n\n<p>The\npartnership between universities and non-governmental organisations working to\npromote the social inclusion of refugees and migrants <strong>ensures the involvement of stakeholders in the\ndevelopment of materials.<\/strong> This will have an impact on the\nrequirements for successful inclusion of a group that faces serious risk of\nsegregation and discrimination.<\/p>\n\n\n\n<p>The<strong> participatory evaluation seminar <\/strong>was\nhosted by<strong> the Magtel Foundation<\/strong>\nat their Cordoba headquarters last Tuesday. This activity was organised within\nthe framework of the Erasmus+ project (KA2) and featured Roc\u00edo Ciero, the\ncoordinator of the seminar and the foundation\u2019s project technician, as a\nspeaker. Antonio Lopez Pelaez, professor of Social Work and Social Services at\nUNED (Spanish National University of Distance Education), presented the project\nalongside Ciero, and together they<strong> outlined\nthe different NGO experiences in participatory evaluation.<\/strong><\/p>\n\n\n\n<p>This seminar,\nalong with the session organised for Thursday this week, serves as a working\nsession for the Spanish team and Spanish social organisations, allowing them to\n\u201ctest the water\u201d and establish a direct conversation with NGOs working in the\nfield of emergency humanitarian aid and\/or care for refugees.<\/p>\n\n\n\n<p>Yesterday,\nEduardo Garcia Carmona, a representative of the <a href=\"https:\/\/www.prolibertas.org\/\">Prolibertas\nFoundation <\/a>in Cordoba; Santiago Gonzalez Avi\u00f3n, director of the Asociaci\u00f3n\nDiversidades [Diversity Association], and Alvaro Morcillo Soto, general\ncoordinator of the <a href=\"https:\/\/www.aaps.es\/\">Asociaci\u00f3n de Apoyo al Pueblo Sirio<\/a> [Association for Support to the\nSyrian People (AAPS), contributed their views and experiences to the\nparticipatory evaluation.<\/p>\n\n\n\n<p>Tomorrow,\nThursday 16 September, Raquel Pelta, lecturer in design research and history at\nthe University of Barcelona, will also appear. She <strong>will focus on participatory evaluation from the\nperspective of co-design. <\/strong>Francisco Javier Garcia Castilla, lecturer\nin Social Work at the National University of Distance Education (UNED), and\nAngel de Juanas Oliva, lecturer in the Department of Education Theory and\nSocial Pedagogy within the Faculty of Education at UNED, will also explore\nonline methodologies for participatory evaluation.<\/p>\n\n\n\n<p>To finish\noff, there will be a round table discussion in which the contributions to the\nproject, from the Spanish experience, will be shared by the whole team.<\/p>\n\n\n\n<p>The\nseminars held in Cordoba on 14 and 16 September were made possible thanks to\nthe participation of 3 Spanish NGDOs<strong>. The\nresults of these discussions will be presented to other European project\npartners in Ankara (Turkey) on 22 September<\/strong> by the\nrepresentatives of Turkey, Portugal, Colombia and Brazil.<\/p>\n","protected":false},"excerpt":{"rendered":"<p>The Magtel Foundation hosted a participatory evaluation seminar on Tuesday last Funded by the European Union, the Community initiative seeks to improve the quality and effectiveness of humanitarian action The Magtel Foundation is one of the partners committed to support the Erasmus+ project \u201cKA2- Cooperation for Innovation and the Exchange of Good Practices\u201d (Innovation in &hellip; <\/p>\n<p class=\"link-more\"><a href=\"https:\/\/fundacionmagtel.es\/en\/the-magtel-foundation-partners-with-erasmus-for-their-ka2-cooperation-for-innovation-project\/\" class=\"more-link\">Continue reading<span class=\"screen-reader-text\"> &#8220;The Magtel Foundation partners with Erasmus+ for their KA2 Cooperation for Innovation project&#8221;<\/span><\/a><\/p>\n","protected":false},"author":3,"featured_media":7970,"comment_status":"open","ping_status":"closed","sticky":false,"template":"","format":"standard","meta":{"_exactmetrics_skip_tracking":false,"_exactmetrics_sitenote_active":false,"_exactmetrics_sitenote_note":"","_exactmetrics_sitenote_category":0,"footnotes":""},"categories":[639,103,93],"tags":[120,48,18,111],"class_list":["post-8443","post","type-post","status-publish","format-standard","has-post-thumbnail","hentry","category-fundacion-magtel-en","category-international-cooperation","category-uncategorized","tag-cooperacion-internacional-en","tag-cooperacion-internacional","tag-fundacion-magtel","tag-fundacion-magtel-en"],"yoast_head":"<!-- This site is optimized with the Yoast SEO plugin v27.3 - https:\/\/yoast.com\/product\/yoast-seo-wordpress\/ -->\n<title>The Magtel Foundation partners with Erasmus+ for their KA2 Cooperation for Innovation project - Fundaci\u00f3n Magtel<\/title>\n<meta name=\"robots\" content=\"index, follow, max-snippet:-1, max-image-preview:large, max-video-preview:-1\" \/>\n<link rel=\"canonical\" href=\"https:\/\/fundacionmagtel.es\/en\/the-magtel-foundation-partners-with-erasmus-for-their-ka2-cooperation-for-innovation-project\/\" \/>\n<meta property=\"og:locale\" content=\"en_US\" \/>\n<meta property=\"og:type\" content=\"article\" \/>\n<meta property=\"og:title\" content=\"The Magtel Foundation partners with Erasmus+ for their KA2 Cooperation for Innovation project - Fundaci\u00f3n Magtel\" \/>\n<meta property=\"og:description\" content=\"The Magtel Foundation hosted a participatory evaluation seminar on Tuesday last Funded by the European Union, the Community initiative seeks to improve the quality and effectiveness of humanitarian action The Magtel Foundation is one of the partners committed to support the Erasmus+ project \u201cKA2- Cooperation for Innovation and the Exchange of Good Practices\u201d (Innovation in &hellip; Continue reading &quot;The Magtel Foundation partners with Erasmus+ for their KA2 Cooperation for Innovation project&quot;\" \/>\n<meta property=\"og:url\" content=\"https:\/\/fundacionmagtel.es\/en\/the-magtel-foundation-partners-with-erasmus-for-their-ka2-cooperation-for-innovation-project\/\" \/>\n<meta property=\"og:site_name\" content=\"Fundaci\u00f3n Magtel\" \/>\n<meta property=\"article:publisher\" content=\"https:\/\/www.facebook.com\/GrupoMagtel\/\" \/>\n<meta property=\"article:published_time\" content=\"2022-02-02T11:04:19+00:00\" \/>\n<meta property=\"article:modified_time\" content=\"2025-10-01T11:03:23+00:00\" \/>\n<meta property=\"og:image\" content=\"https:\/\/fundacionmagtel.es\/wp-content\/uploads\/2021\/09\/Erasmus-videollamada-Fundacion.jpg\" \/>\n\t<meta property=\"og:image:width\" content=\"2284\" \/>\n\t<meta property=\"og:image:height\" content=\"802\" \/>\n\t<meta property=\"og:image:type\" content=\"image\/jpeg\" \/>\n<meta name=\"author\" content=\"Comunicaci\u00f3n Fundaci\u00f3n Magtel\" \/>\n<meta name=\"twitter:card\" content=\"summary_large_image\" \/>\n<meta name=\"twitter:creator\" content=\"@GrupoMagtel\" \/>\n<meta name=\"twitter:site\" content=\"@GrupoMagtel\" \/>\n<meta name=\"twitter:label1\" content=\"Written by\" \/>\n\t<meta name=\"twitter:data1\" content=\"Comunicaci\u00f3n Fundaci\u00f3n Magtel\" \/>\n\t<meta name=\"twitter:label2\" content=\"Est. reading time\" \/>\n\t<meta name=\"twitter:data2\" content=\"3 minutes\" \/>\n<script type=\"application\/ld+json\" class=\"yoast-schema-graph\">{\"@context\":\"https:\\\/\\\/schema.org\",\"@graph\":[{\"@type\":\"Article\",\"@id\":\"https:\\\/\\\/fundacionmagtel.es\\\/en\\\/the-magtel-foundation-partners-with-erasmus-for-their-ka2-cooperation-for-innovation-project\\\/#article\",\"isPartOf\":{\"@id\":\"https:\\\/\\\/fundacionmagtel.es\\\/en\\\/the-magtel-foundation-partners-with-erasmus-for-their-ka2-cooperation-for-innovation-project\\\/\"},\"author\":{\"name\":\"Comunicaci\u00f3n Fundaci\u00f3n Magtel\",\"@id\":\"https:\\\/\\\/fundacionmagtel.es\\\/en\\\/#\\\/schema\\\/person\\\/20c0947221a12cb1a6ff4e8d680e9141\"},\"headline\":\"The Magtel Foundation partners with Erasmus+ for their KA2 Cooperation for Innovation project\",\"datePublished\":\"2022-02-02T11:04:19+00:00\",\"dateModified\":\"2025-10-01T11:03:23+00:00\",\"mainEntityOfPage\":{\"@id\":\"https:\\\/\\\/fundacionmagtel.es\\\/en\\\/the-magtel-foundation-partners-with-erasmus-for-their-ka2-cooperation-for-innovation-project\\\/\"},\"wordCount\":558,\"commentCount\":0,\"image\":{\"@id\":\"https:\\\/\\\/fundacionmagtel.es\\\/en\\\/the-magtel-foundation-partners-with-erasmus-for-their-ka2-cooperation-for-innovation-project\\\/#primaryimage\"},\"thumbnailUrl\":\"https:\\\/\\\/fundacionmagtel.es\\\/wp-content\\\/uploads\\\/2021\\\/09\\\/Erasmus-videollamada-Fundacion.jpg\",\"keywords\":[\"cooperaci\u00f3n internacional\",\"cooperaci\u00f3n internacional\",\"fundaci\u00f3n magtel\",\"fundaci\u00f3n magtel\"],\"articleSection\":[\"Fundaci\u00f3n Magtel\",\"International cooperation\"],\"inLanguage\":\"en-US\",\"potentialAction\":[{\"@type\":\"CommentAction\",\"name\":\"Comment\",\"target\":[\"https:\\\/\\\/fundacionmagtel.es\\\/en\\\/the-magtel-foundation-partners-with-erasmus-for-their-ka2-cooperation-for-innovation-project\\\/#respond\"]}]},{\"@type\":\"WebPage\",\"@id\":\"https:\\\/\\\/fundacionmagtel.es\\\/en\\\/the-magtel-foundation-partners-with-erasmus-for-their-ka2-cooperation-for-innovation-project\\\/\",\"url\":\"https:\\\/\\\/fundacionmagtel.es\\\/en\\\/the-magtel-foundation-partners-with-erasmus-for-their-ka2-cooperation-for-innovation-project\\\/\",\"name\":\"The Magtel Foundation partners with Erasmus+ for their KA2 Cooperation for Innovation project - Fundaci\u00f3n Magtel\",\"isPartOf\":{\"@id\":\"https:\\\/\\\/fundacionmagtel.es\\\/en\\\/#website\"},\"primaryImageOfPage\":{\"@id\":\"https:\\\/\\\/fundacionmagtel.es\\\/en\\\/the-magtel-foundation-partners-with-erasmus-for-their-ka2-cooperation-for-innovation-project\\\/#primaryimage\"},\"image\":{\"@id\":\"https:\\\/\\\/fundacionmagtel.es\\\/en\\\/the-magtel-foundation-partners-with-erasmus-for-their-ka2-cooperation-for-innovation-project\\\/#primaryimage\"},\"thumbnailUrl\":\"https:\\\/\\\/fundacionmagtel.es\\\/wp-content\\\/uploads\\\/2021\\\/09\\\/Erasmus-videollamada-Fundacion.jpg\",\"datePublished\":\"2022-02-02T11:04:19+00:00\",\"dateModified\":\"2025-10-01T11:03:23+00:00\",\"author\":{\"@id\":\"https:\\\/\\\/fundacionmagtel.es\\\/en\\\/#\\\/schema\\\/person\\\/20c0947221a12cb1a6ff4e8d680e9141\"},\"breadcrumb\":{\"@id\":\"https:\\\/\\\/fundacionmagtel.es\\\/en\\\/the-magtel-foundation-partners-with-erasmus-for-their-ka2-cooperation-for-innovation-project\\\/#breadcrumb\"},\"inLanguage\":\"en-US\",\"potentialAction\":[{\"@type\":\"ReadAction\",\"target\":[\"https:\\\/\\\/fundacionmagtel.es\\\/en\\\/the-magtel-foundation-partners-with-erasmus-for-their-ka2-cooperation-for-innovation-project\\\/\"]}]},{\"@type\":\"ImageObject\",\"inLanguage\":\"en-US\",\"@id\":\"https:\\\/\\\/fundacionmagtel.es\\\/en\\\/the-magtel-foundation-partners-with-erasmus-for-their-ka2-cooperation-for-innovation-project\\\/#primaryimage\",\"url\":\"https:\\\/\\\/fundacionmagtel.es\\\/wp-content\\\/uploads\\\/2021\\\/09\\\/Erasmus-videollamada-Fundacion.jpg\",\"contentUrl\":\"https:\\\/\\\/fundacionmagtel.es\\\/wp-content\\\/uploads\\\/2021\\\/09\\\/Erasmus-videollamada-Fundacion.jpg\",\"width\":2284,\"height\":802},{\"@type\":\"BreadcrumbList\",\"@id\":\"https:\\\/\\\/fundacionmagtel.es\\\/en\\\/the-magtel-foundation-partners-with-erasmus-for-their-ka2-cooperation-for-innovation-project\\\/#breadcrumb\",\"itemListElement\":[{\"@type\":\"ListItem\",\"position\":1,\"name\":\"Portada\",\"item\":\"https:\\\/\\\/fundacionmagtel.es\\\/en\\\/home\\\/\"},{\"@type\":\"ListItem\",\"position\":2,\"name\":\"The Magtel Foundation partners with Erasmus+ for their KA2 Cooperation for Innovation project\"}]},{\"@type\":\"WebSite\",\"@id\":\"https:\\\/\\\/fundacionmagtel.es\\\/en\\\/#website\",\"url\":\"https:\\\/\\\/fundacionmagtel.es\\\/en\\\/\",\"name\":\"Fundaci\u00f3n Magtel\",\"description\":\"Fundaci\u00f3n Magtel\",\"potentialAction\":[{\"@type\":\"SearchAction\",\"target\":{\"@type\":\"EntryPoint\",\"urlTemplate\":\"https:\\\/\\\/fundacionmagtel.es\\\/en\\\/?s={search_term_string}\"},\"query-input\":{\"@type\":\"PropertyValueSpecification\",\"valueRequired\":true,\"valueName\":\"search_term_string\"}}],\"inLanguage\":\"en-US\"},{\"@type\":\"Person\",\"@id\":\"https:\\\/\\\/fundacionmagtel.es\\\/en\\\/#\\\/schema\\\/person\\\/20c0947221a12cb1a6ff4e8d680e9141\",\"name\":\"Comunicaci\u00f3n Fundaci\u00f3n Magtel\",\"image\":{\"@type\":\"ImageObject\",\"inLanguage\":\"en-US\",\"@id\":\"https:\\\/\\\/secure.gravatar.com\\\/avatar\\\/d429e9ccf74f56d16c4e96ac256124a5eebef91be294371a56b6f523284a68a6?s=96&d=mm&r=g\",\"url\":\"https:\\\/\\\/secure.gravatar.com\\\/avatar\\\/d429e9ccf74f56d16c4e96ac256124a5eebef91be294371a56b6f523284a68a6?s=96&d=mm&r=g\",\"contentUrl\":\"https:\\\/\\\/secure.gravatar.com\\\/avatar\\\/d429e9ccf74f56d16c4e96ac256124a5eebef91be294371a56b6f523284a68a6?s=96&d=mm&r=g\",\"caption\":\"Comunicaci\u00f3n Fundaci\u00f3n Magtel\"},\"url\":\"https:\\\/\\\/fundacionmagtel.es\\\/en\\\/author\\\/marportal\\\/\"}]}<\/script>\n<!-- \/ Yoast SEO plugin. -->","yoast_head_json":{"title":"The Magtel Foundation partners with Erasmus+ for their KA2 Cooperation for Innovation project - Fundaci\u00f3n Magtel","robots":{"index":"index","follow":"follow","max-snippet":"max-snippet:-1","max-image-preview":"max-image-preview:large","max-video-preview":"max-video-preview:-1"},"canonical":"https:\/\/fundacionmagtel.es\/en\/the-magtel-foundation-partners-with-erasmus-for-their-ka2-cooperation-for-innovation-project\/","og_locale":"en_US","og_type":"article","og_title":"The Magtel Foundation partners with Erasmus+ for their KA2 Cooperation for Innovation project - Fundaci\u00f3n Magtel","og_description":"The Magtel Foundation hosted a participatory evaluation seminar on Tuesday last Funded by the European Union, the Community initiative seeks to improve the quality and effectiveness of humanitarian action The Magtel Foundation is one of the partners committed to support the Erasmus+ project \u201cKA2- Cooperation for Innovation and the Exchange of Good Practices\u201d (Innovation in &hellip; Continue reading \"The Magtel Foundation partners with Erasmus+ for their KA2 Cooperation for Innovation project\"","og_url":"https:\/\/fundacionmagtel.es\/en\/the-magtel-foundation-partners-with-erasmus-for-their-ka2-cooperation-for-innovation-project\/","og_site_name":"Fundaci\u00f3n Magtel","article_publisher":"https:\/\/www.facebook.com\/GrupoMagtel\/","article_published_time":"2022-02-02T11:04:19+00:00","article_modified_time":"2025-10-01T11:03:23+00:00","og_image":[{"width":2284,"height":802,"url":"https:\/\/fundacionmagtel.es\/wp-content\/uploads\/2021\/09\/Erasmus-videollamada-Fundacion.jpg","type":"image\/jpeg"}],"author":"Comunicaci\u00f3n Fundaci\u00f3n Magtel","twitter_card":"summary_large_image","twitter_creator":"@GrupoMagtel","twitter_site":"@GrupoMagtel","twitter_misc":{"Written by":"Comunicaci\u00f3n Fundaci\u00f3n Magtel","Est. reading time":"3 minutes"},"schema":{"@context":"https:\/\/schema.org","@graph":[{"@type":"Article","@id":"https:\/\/fundacionmagtel.es\/en\/the-magtel-foundation-partners-with-erasmus-for-their-ka2-cooperation-for-innovation-project\/#article","isPartOf":{"@id":"https:\/\/fundacionmagtel.es\/en\/the-magtel-foundation-partners-with-erasmus-for-their-ka2-cooperation-for-innovation-project\/"},"author":{"name":"Comunicaci\u00f3n Fundaci\u00f3n Magtel","@id":"https:\/\/fundacionmagtel.es\/en\/#\/schema\/person\/20c0947221a12cb1a6ff4e8d680e9141"},"headline":"The Magtel Foundation partners with Erasmus+ for their KA2 Cooperation for Innovation project","datePublished":"2022-02-02T11:04:19+00:00","dateModified":"2025-10-01T11:03:23+00:00","mainEntityOfPage":{"@id":"https:\/\/fundacionmagtel.es\/en\/the-magtel-foundation-partners-with-erasmus-for-their-ka2-cooperation-for-innovation-project\/"},"wordCount":558,"commentCount":0,"image":{"@id":"https:\/\/fundacionmagtel.es\/en\/the-magtel-foundation-partners-with-erasmus-for-their-ka2-cooperation-for-innovation-project\/#primaryimage"},"thumbnailUrl":"https:\/\/fundacionmagtel.es\/wp-content\/uploads\/2021\/09\/Erasmus-videollamada-Fundacion.jpg","keywords":["cooperaci\u00f3n internacional","cooperaci\u00f3n internacional","fundaci\u00f3n magtel","fundaci\u00f3n magtel"],"articleSection":["Fundaci\u00f3n Magtel","International cooperation"],"inLanguage":"en-US","potentialAction":[{"@type":"CommentAction","name":"Comment","target":["https:\/\/fundacionmagtel.es\/en\/the-magtel-foundation-partners-with-erasmus-for-their-ka2-cooperation-for-innovation-project\/#respond"]}]},{"@type":"WebPage","@id":"https:\/\/fundacionmagtel.es\/en\/the-magtel-foundation-partners-with-erasmus-for-their-ka2-cooperation-for-innovation-project\/","url":"https:\/\/fundacionmagtel.es\/en\/the-magtel-foundation-partners-with-erasmus-for-their-ka2-cooperation-for-innovation-project\/","name":"The Magtel Foundation partners with Erasmus+ for their KA2 Cooperation for Innovation project - Fundaci\u00f3n Magtel","isPartOf":{"@id":"https:\/\/fundacionmagtel.es\/en\/#website"},"primaryImageOfPage":{"@id":"https:\/\/fundacionmagtel.es\/en\/the-magtel-foundation-partners-with-erasmus-for-their-ka2-cooperation-for-innovation-project\/#primaryimage"},"image":{"@id":"https:\/\/fundacionmagtel.es\/en\/the-magtel-foundation-partners-with-erasmus-for-their-ka2-cooperation-for-innovation-project\/#primaryimage"},"thumbnailUrl":"https:\/\/fundacionmagtel.es\/wp-content\/uploads\/2021\/09\/Erasmus-videollamada-Fundacion.jpg","datePublished":"2022-02-02T11:04:19+00:00","dateModified":"2025-10-01T11:03:23+00:00","author":{"@id":"https:\/\/fundacionmagtel.es\/en\/#\/schema\/person\/20c0947221a12cb1a6ff4e8d680e9141"},"breadcrumb":{"@id":"https:\/\/fundacionmagtel.es\/en\/the-magtel-foundation-partners-with-erasmus-for-their-ka2-cooperation-for-innovation-project\/#breadcrumb"},"inLanguage":"en-US","potentialAction":[{"@type":"ReadAction","target":["https:\/\/fundacionmagtel.es\/en\/the-magtel-foundation-partners-with-erasmus-for-their-ka2-cooperation-for-innovation-project\/"]}]},{"@type":"ImageObject","inLanguage":"en-US","@id":"https:\/\/fundacionmagtel.es\/en\/the-magtel-foundation-partners-with-erasmus-for-their-ka2-cooperation-for-innovation-project\/#primaryimage","url":"https:\/\/fundacionmagtel.es\/wp-content\/uploads\/2021\/09\/Erasmus-videollamada-Fundacion.jpg","contentUrl":"https:\/\/fundacionmagtel.es\/wp-content\/uploads\/2021\/09\/Erasmus-videollamada-Fundacion.jpg","width":2284,"height":802},{"@type":"BreadcrumbList","@id":"https:\/\/fundacionmagtel.es\/en\/the-magtel-foundation-partners-with-erasmus-for-their-ka2-cooperation-for-innovation-project\/#breadcrumb","itemListElement":[{"@type":"ListItem","position":1,"name":"Portada","item":"https:\/\/fundacionmagtel.es\/en\/home\/"},{"@type":"ListItem","position":2,"name":"The Magtel Foundation partners with Erasmus+ for their KA2 Cooperation for Innovation project"}]},{"@type":"WebSite","@id":"https:\/\/fundacionmagtel.es\/en\/#website","url":"https:\/\/fundacionmagtel.es\/en\/","name":"Fundaci\u00f3n Magtel","description":"Fundaci\u00f3n Magtel","potentialAction":[{"@type":"SearchAction","target":{"@type":"EntryPoint","urlTemplate":"https:\/\/fundacionmagtel.es\/en\/?s={search_term_string}"},"query-input":{"@type":"PropertyValueSpecification","valueRequired":true,"valueName":"search_term_string"}}],"inLanguage":"en-US"},{"@type":"Person","@id":"https:\/\/fundacionmagtel.es\/en\/#\/schema\/person\/20c0947221a12cb1a6ff4e8d680e9141","name":"Comunicaci\u00f3n Fundaci\u00f3n Magtel","image":{"@type":"ImageObject","inLanguage":"en-US","@id":"https:\/\/secure.gravatar.com\/avatar\/d429e9ccf74f56d16c4e96ac256124a5eebef91be294371a56b6f523284a68a6?s=96&d=mm&r=g","url":"https:\/\/secure.gravatar.com\/avatar\/d429e9ccf74f56d16c4e96ac256124a5eebef91be294371a56b6f523284a68a6?s=96&d=mm&r=g","contentUrl":"https:\/\/secure.gravatar.com\/avatar\/d429e9ccf74f56d16c4e96ac256124a5eebef91be294371a56b6f523284a68a6?s=96&d=mm&r=g","caption":"Comunicaci\u00f3n Fundaci\u00f3n Magtel"},"url":"https:\/\/fundacionmagtel.es\/en\/author\/marportal\/"}]}},"_links":{"self":[{"href":"https:\/\/fundacionmagtel.es\/en\/wp-json\/wp\/v2\/posts\/8443","targetHints":{"allow":["GET"]}}],"collection":[{"href":"https:\/\/fundacionmagtel.es\/en\/wp-json\/wp\/v2\/posts"}],"about":[{"href":"https:\/\/fundacionmagtel.es\/en\/wp-json\/wp\/v2\/types\/post"}],"author":[{"embeddable":true,"href":"https:\/\/fundacionmagtel.es\/en\/wp-json\/wp\/v2\/users\/3"}],"replies":[{"embeddable":true,"href":"https:\/\/fundacionmagtel.es\/en\/wp-json\/wp\/v2\/comments?post=8443"}],"version-history":[{"count":1,"href":"https:\/\/fundacionmagtel.es\/en\/wp-json\/wp\/v2\/posts\/8443\/revisions"}],"predecessor-version":[{"id":8444,"href":"https:\/\/fundacionmagtel.es\/en\/wp-json\/wp\/v2\/posts\/8443\/revisions\/8444"}],"wp:featuredmedia":[{"embeddable":true,"href":"https:\/\/fundacionmagtel.es\/en\/wp-json\/wp\/v2\/media\/7970"}],"wp:attachment":[{"href":"https:\/\/fundacionmagtel.es\/en\/wp-json\/wp\/v2\/media?parent=8443"}],"wp:term":[{"taxonomy":"category","embeddable":true,"href":"https:\/\/fundacionmagtel.es\/en\/wp-json\/wp\/v2\/categories?post=8443"},{"taxonomy":"post_tag","embeddable":true,"href":"https:\/\/fundacionmagtel.es\/en\/wp-json\/wp\/v2\/tags?post=8443"}],"curies":[{"name":"wp","href":"https:\/\/api.w.org\/{rel}","templated":true}]}}