{"id":10546,"date":"2022-12-16T12:28:00","date_gmt":"2022-12-16T11:28:00","guid":{"rendered":"https:\/\/www.fundacionmagtel.esankara-brings-together-members-of-the-inovhumre-project-to-present-the-main-advances-of-the-initiative\/"},"modified":"2025-10-01T13:02:55","modified_gmt":"2025-10-01T11:02:55","slug":"ankara-brings-together-members-of-the-inovhumre-project-to-present-the-main-advances-of-the-initiative","status":"publish","type":"post","link":"https:\/\/fundacionmagtel.es\/en\/ankara-brings-together-members-of-the-inovhumre-project-to-present-the-main-advances-of-the-initiative\/","title":{"rendered":"Ankara brings together members of the InovHumRe project to present the main advances of the initiative"},"content":{"rendered":"\n<h4 class=\"wp-block-heading\"><h4>The head of International Cooperation projects at Fundaci\u00f3n Magtel, Roc\u00edo Ciero, has addressed the flow of migration and responses to it in Spain<\/h4><\/h4>\n\n\n\n<p>The members of the&nbsp;<strong>Erasmus+ project &#8220;KA2 &#8211; Cooperation for innovation and exchange of good practice&#8221;, <\/strong>also called&nbsp;<strong>&#8220;InovHumRe <\/strong>have held a new meeting in Ankara, Turkey. In addition to the head of International Cooperation projects at Fundaci\u00f3n Magtel, <strong>Roc\u00edo Ciero <\/strong>representatives of the teams from Brazil, Colombia, Italy, Ireland, Mexico, Portugal and Turkey also attended.<\/p>\n\n\n\n<p>The&nbsp;<strong>flow<\/strong>&nbsp;of migrants to Spain, the &nbsp;<strong>response by NGOs,&nbsp;<\/strong>and their experience with the group, as well as the&nbsp;<strong>application of digital tools&nbsp;<\/strong>in these intervention processes, were the main topics that the Magtel Foundation team discussed in its presentation.<\/p>\n\n\n\n<p>In particular, they detailed the differences between organisations that operate in Spain and have an international and\/or national scope of action, as opposed to those that, due to their capacity, work on a smaller scale.&nbsp;<strong>&#8220;The specialisation and diversification of tasks is markedly different,\u201d<\/strong> he stated.<\/p>\n\n\n\n<p>During the different interventions, the limits and potential of participation in the evaluation of emergency humanitarian action (EHA), the design and implementation of digital strategies and tools, and the integration of a new participatory evaluation methodology in the intervention of such assistance processes have been discussed.<\/p>\n\n\n\n<p>The different presentations provided an opportunity for in-depth discussion and debate on &nbsp;<strong>the main experiences of emergency humanitarian aid and care for refugees, <\/strong>as well as &nbsp;<strong>digitalisation in the NGOs&nbsp;<\/strong>of the countries participating in the project, and the analysis of some tools such as the&nbsp;<strong>photo-reporting, co-design and digital resources<\/strong>.<\/p>\n\n\n\n<p>This project aims to increase the&nbsp;<strong>quality and effectiveness of humanitarian action<\/strong>&nbsp;by improving the training of students and professionals in this field. To this end, a study manual on participatory evaluation in emergency humanitarian aid and\/or care for refugees is being developed, together with a list of digital tools for its application.<\/p>\n\n\n\n<figure class=\"wp-block-image\"><img fetchpriority=\"high\" decoding=\"async\" width=\"439\" height=\"199\" src=\"https:\/\/fundacionmagtel.es\/wp-content\/uploads\/2022\/12\/image.png\" alt=\"\" class=\"wp-image-9245\" srcset=\"https:\/\/fundacionmagtel.es\/wp-content\/uploads\/2022\/12\/image.png 439w, https:\/\/fundacionmagtel.es\/wp-content\/uploads\/2022\/12\/image-300x136.png 300w\" sizes=\"(max-width: 439px) 100vw, 439px\" \/><\/figure>\n","protected":false},"excerpt":{"rendered":"<p>The head of International Cooperation projects at Fundaci\u00f3n Magtel, Roc\u00edo Ciero, has addressed the flow of migration and responses to it in Spain The members of the&nbsp;Erasmus+ project &#8220;KA2 &#8211; Cooperation for innovation and exchange of good practice&#8221;, also called&nbsp;&#8220;InovHumRe have held a new meeting in Ankara, Turkey. In addition to the head of International &hellip; <\/p>\n<p class=\"link-more\"><a href=\"https:\/\/fundacionmagtel.es\/en\/ankara-brings-together-members-of-the-inovhumre-project-to-present-the-main-advances-of-the-initiative\/\" class=\"more-link\">Continue reading<span class=\"screen-reader-text\"> &#8220;Ankara brings together members of the InovHumRe project to present the main advances of the initiative&#8221;<\/span><\/a><\/p>\n","protected":false},"author":16,"featured_media":9251,"comment_status":"closed","ping_status":"closed","sticky":false,"template":"","format":"standard","meta":{"_exactmetrics_skip_tracking":false,"_exactmetrics_sitenote_active":false,"_exactmetrics_sitenote_note":"","_exactmetrics_sitenote_category":0,"footnotes":""},"categories":[639,100],"tags":[111,684,681,683],"class_list":["post-10546","post","type-post","status-publish","format-standard","has-post-thumbnail","hentry","category-fundacion-magtel-en","category-social-action-initiatives","tag-fundacion-magtel-en","tag-humanitarian-attention","tag-inovhumre-en","tag-turquia-en"],"yoast_head":"<!-- This site is optimized with the Yoast SEO plugin v27.3 - https:\/\/yoast.com\/product\/yoast-seo-wordpress\/ -->\n<title>Ankara brings together members of the InovHumRe project to present the main advances of the initiative - Fundaci\u00f3n Magtel<\/title>\n<meta name=\"robots\" content=\"index, follow, max-snippet:-1, max-image-preview:large, max-video-preview:-1\" \/>\n<link rel=\"canonical\" href=\"https:\/\/fundacionmagtel.es\/en\/ankara-brings-together-members-of-the-inovhumre-project-to-present-the-main-advances-of-the-initiative\/\" \/>\n<meta property=\"og:locale\" content=\"en_US\" \/>\n<meta property=\"og:type\" content=\"article\" \/>\n<meta property=\"og:title\" content=\"Ankara brings together members of the InovHumRe project to present the main advances of the initiative - Fundaci\u00f3n Magtel\" \/>\n<meta property=\"og:description\" content=\"The head of International Cooperation projects at Fundaci\u00f3n Magtel, Roc\u00edo Ciero, has addressed the flow of migration and responses to it in Spain The members of the&nbsp;Erasmus+ project &#8220;KA2 &#8211; Cooperation for innovation and exchange of good practice&#8221;, also called&nbsp;&#8220;InovHumRe have held a new meeting in Ankara, Turkey. In addition to the head of International &hellip; Continue reading &quot;Ankara brings together members of the InovHumRe project to present the main advances of the initiative&quot;\" \/>\n<meta property=\"og:url\" content=\"https:\/\/fundacionmagtel.es\/en\/ankara-brings-together-members-of-the-inovhumre-project-to-present-the-main-advances-of-the-initiative\/\" \/>\n<meta property=\"og:site_name\" content=\"Fundaci\u00f3n Magtel\" \/>\n<meta property=\"article:publisher\" content=\"https:\/\/www.facebook.com\/GrupoMagtel\/\" \/>\n<meta property=\"article:published_time\" content=\"2022-12-16T11:28:00+00:00\" \/>\n<meta property=\"article:modified_time\" content=\"2025-10-01T11:02:55+00:00\" \/>\n<meta property=\"og:image\" content=\"https:\/\/fundacionmagtel.es\/wp-content\/uploads\/2022\/12\/MicrosoftTeams-image-4-copia-2.png\" \/>\n\t<meta property=\"og:image:width\" content=\"792\" \/>\n\t<meta property=\"og:image:height\" content=\"278\" \/>\n\t<meta property=\"og:image:type\" content=\"image\/png\" \/>\n<meta name=\"author\" content=\"Nacho\" \/>\n<meta name=\"twitter:card\" content=\"summary_large_image\" \/>\n<meta name=\"twitter:creator\" content=\"@GrupoMagtel\" \/>\n<meta name=\"twitter:site\" content=\"@GrupoMagtel\" \/>\n<meta name=\"twitter:label1\" content=\"Written by\" \/>\n\t<meta name=\"twitter:data1\" content=\"Nacho\" \/>\n\t<meta name=\"twitter:label2\" content=\"Est. reading time\" \/>\n\t<meta name=\"twitter:data2\" content=\"2 minutes\" \/>\n<script type=\"application\/ld+json\" class=\"yoast-schema-graph\">{\"@context\":\"https:\\\/\\\/schema.org\",\"@graph\":[{\"@type\":\"Article\",\"@id\":\"https:\\\/\\\/fundacionmagtel.es\\\/en\\\/ankara-brings-together-members-of-the-inovhumre-project-to-present-the-main-advances-of-the-initiative\\\/#article\",\"isPartOf\":{\"@id\":\"https:\\\/\\\/fundacionmagtel.es\\\/en\\\/ankara-brings-together-members-of-the-inovhumre-project-to-present-the-main-advances-of-the-initiative\\\/\"},\"author\":{\"name\":\"Nacho\",\"@id\":\"https:\\\/\\\/fundacionmagtel.es\\\/en\\\/#\\\/schema\\\/person\\\/4e0713c2a4fbdff6c748b3723018c9c5\"},\"headline\":\"Ankara brings together members of the InovHumRe project to present the main advances of the initiative\",\"datePublished\":\"2022-12-16T11:28:00+00:00\",\"dateModified\":\"2025-10-01T11:02:55+00:00\",\"mainEntityOfPage\":{\"@id\":\"https:\\\/\\\/fundacionmagtel.es\\\/en\\\/ankara-brings-together-members-of-the-inovhumre-project-to-present-the-main-advances-of-the-initiative\\\/\"},\"wordCount\":353,\"image\":{\"@id\":\"https:\\\/\\\/fundacionmagtel.es\\\/en\\\/ankara-brings-together-members-of-the-inovhumre-project-to-present-the-main-advances-of-the-initiative\\\/#primaryimage\"},\"thumbnailUrl\":\"https:\\\/\\\/fundacionmagtel.es\\\/wp-content\\\/uploads\\\/2022\\\/12\\\/MicrosoftTeams-image-4-copia-2.png\",\"keywords\":[\"fundaci\u00f3n magtel\",\"Humanitarian Attention\",\"InovHumRe\",\"Turqu\u00eda\"],\"articleSection\":[\"Fundaci\u00f3n Magtel\",\"Social action initiatives\"],\"inLanguage\":\"en-US\"},{\"@type\":\"WebPage\",\"@id\":\"https:\\\/\\\/fundacionmagtel.es\\\/en\\\/ankara-brings-together-members-of-the-inovhumre-project-to-present-the-main-advances-of-the-initiative\\\/\",\"url\":\"https:\\\/\\\/fundacionmagtel.es\\\/en\\\/ankara-brings-together-members-of-the-inovhumre-project-to-present-the-main-advances-of-the-initiative\\\/\",\"name\":\"Ankara brings together members of the InovHumRe project to present the main advances of the initiative - Fundaci\u00f3n Magtel\",\"isPartOf\":{\"@id\":\"https:\\\/\\\/fundacionmagtel.es\\\/en\\\/#website\"},\"primaryImageOfPage\":{\"@id\":\"https:\\\/\\\/fundacionmagtel.es\\\/en\\\/ankara-brings-together-members-of-the-inovhumre-project-to-present-the-main-advances-of-the-initiative\\\/#primaryimage\"},\"image\":{\"@id\":\"https:\\\/\\\/fundacionmagtel.es\\\/en\\\/ankara-brings-together-members-of-the-inovhumre-project-to-present-the-main-advances-of-the-initiative\\\/#primaryimage\"},\"thumbnailUrl\":\"https:\\\/\\\/fundacionmagtel.es\\\/wp-content\\\/uploads\\\/2022\\\/12\\\/MicrosoftTeams-image-4-copia-2.png\",\"datePublished\":\"2022-12-16T11:28:00+00:00\",\"dateModified\":\"2025-10-01T11:02:55+00:00\",\"author\":{\"@id\":\"https:\\\/\\\/fundacionmagtel.es\\\/en\\\/#\\\/schema\\\/person\\\/4e0713c2a4fbdff6c748b3723018c9c5\"},\"breadcrumb\":{\"@id\":\"https:\\\/\\\/fundacionmagtel.es\\\/en\\\/ankara-brings-together-members-of-the-inovhumre-project-to-present-the-main-advances-of-the-initiative\\\/#breadcrumb\"},\"inLanguage\":\"en-US\",\"potentialAction\":[{\"@type\":\"ReadAction\",\"target\":[\"https:\\\/\\\/fundacionmagtel.es\\\/en\\\/ankara-brings-together-members-of-the-inovhumre-project-to-present-the-main-advances-of-the-initiative\\\/\"]}]},{\"@type\":\"ImageObject\",\"inLanguage\":\"en-US\",\"@id\":\"https:\\\/\\\/fundacionmagtel.es\\\/en\\\/ankara-brings-together-members-of-the-inovhumre-project-to-present-the-main-advances-of-the-initiative\\\/#primaryimage\",\"url\":\"https:\\\/\\\/fundacionmagtel.es\\\/wp-content\\\/uploads\\\/2022\\\/12\\\/MicrosoftTeams-image-4-copia-2.png\",\"contentUrl\":\"https:\\\/\\\/fundacionmagtel.es\\\/wp-content\\\/uploads\\\/2022\\\/12\\\/MicrosoftTeams-image-4-copia-2.png\",\"width\":792,\"height\":278},{\"@type\":\"BreadcrumbList\",\"@id\":\"https:\\\/\\\/fundacionmagtel.es\\\/en\\\/ankara-brings-together-members-of-the-inovhumre-project-to-present-the-main-advances-of-the-initiative\\\/#breadcrumb\",\"itemListElement\":[{\"@type\":\"ListItem\",\"position\":1,\"name\":\"Portada\",\"item\":\"https:\\\/\\\/fundacionmagtel.es\\\/en\\\/home\\\/\"},{\"@type\":\"ListItem\",\"position\":2,\"name\":\"Ankara brings together members of the InovHumRe project to present the main advances of the initiative\"}]},{\"@type\":\"WebSite\",\"@id\":\"https:\\\/\\\/fundacionmagtel.es\\\/en\\\/#website\",\"url\":\"https:\\\/\\\/fundacionmagtel.es\\\/en\\\/\",\"name\":\"Fundaci\u00f3n Magtel\",\"description\":\"Fundaci\u00f3n Magtel\",\"potentialAction\":[{\"@type\":\"SearchAction\",\"target\":{\"@type\":\"EntryPoint\",\"urlTemplate\":\"https:\\\/\\\/fundacionmagtel.es\\\/en\\\/?s={search_term_string}\"},\"query-input\":{\"@type\":\"PropertyValueSpecification\",\"valueRequired\":true,\"valueName\":\"search_term_string\"}}],\"inLanguage\":\"en-US\"},{\"@type\":\"Person\",\"@id\":\"https:\\\/\\\/fundacionmagtel.es\\\/en\\\/#\\\/schema\\\/person\\\/4e0713c2a4fbdff6c748b3723018c9c5\",\"name\":\"Nacho\",\"image\":{\"@type\":\"ImageObject\",\"inLanguage\":\"en-US\",\"@id\":\"https:\\\/\\\/secure.gravatar.com\\\/avatar\\\/c7726c80403dc152278e8207465d82341ce3ebd838fdf3faf63d10481e015936?s=96&d=mm&r=g\",\"url\":\"https:\\\/\\\/secure.gravatar.com\\\/avatar\\\/c7726c80403dc152278e8207465d82341ce3ebd838fdf3faf63d10481e015936?s=96&d=mm&r=g\",\"contentUrl\":\"https:\\\/\\\/secure.gravatar.com\\\/avatar\\\/c7726c80403dc152278e8207465d82341ce3ebd838fdf3faf63d10481e015936?s=96&d=mm&r=g\",\"caption\":\"Nacho\"},\"url\":\"https:\\\/\\\/fundacionmagtel.es\\\/en\\\/author\\\/nacho\\\/\"}]}<\/script>\n<!-- \/ Yoast SEO plugin. -->","yoast_head_json":{"title":"Ankara brings together members of the InovHumRe project to present the main advances of the initiative - Fundaci\u00f3n Magtel","robots":{"index":"index","follow":"follow","max-snippet":"max-snippet:-1","max-image-preview":"max-image-preview:large","max-video-preview":"max-video-preview:-1"},"canonical":"https:\/\/fundacionmagtel.es\/en\/ankara-brings-together-members-of-the-inovhumre-project-to-present-the-main-advances-of-the-initiative\/","og_locale":"en_US","og_type":"article","og_title":"Ankara brings together members of the InovHumRe project to present the main advances of the initiative - Fundaci\u00f3n Magtel","og_description":"The head of International Cooperation projects at Fundaci\u00f3n Magtel, Roc\u00edo Ciero, has addressed the flow of migration and responses to it in Spain The members of the&nbsp;Erasmus+ project &#8220;KA2 &#8211; Cooperation for innovation and exchange of good practice&#8221;, also called&nbsp;&#8220;InovHumRe have held a new meeting in Ankara, Turkey. In addition to the head of International &hellip; Continue reading \"Ankara brings together members of the InovHumRe project to present the main advances of the initiative\"","og_url":"https:\/\/fundacionmagtel.es\/en\/ankara-brings-together-members-of-the-inovhumre-project-to-present-the-main-advances-of-the-initiative\/","og_site_name":"Fundaci\u00f3n Magtel","article_publisher":"https:\/\/www.facebook.com\/GrupoMagtel\/","article_published_time":"2022-12-16T11:28:00+00:00","article_modified_time":"2025-10-01T11:02:55+00:00","og_image":[{"width":792,"height":278,"url":"https:\/\/fundacionmagtel.es\/wp-content\/uploads\/2022\/12\/MicrosoftTeams-image-4-copia-2.png","type":"image\/png"}],"author":"Nacho","twitter_card":"summary_large_image","twitter_creator":"@GrupoMagtel","twitter_site":"@GrupoMagtel","twitter_misc":{"Written by":"Nacho","Est. reading time":"2 minutes"},"schema":{"@context":"https:\/\/schema.org","@graph":[{"@type":"Article","@id":"https:\/\/fundacionmagtel.es\/en\/ankara-brings-together-members-of-the-inovhumre-project-to-present-the-main-advances-of-the-initiative\/#article","isPartOf":{"@id":"https:\/\/fundacionmagtel.es\/en\/ankara-brings-together-members-of-the-inovhumre-project-to-present-the-main-advances-of-the-initiative\/"},"author":{"name":"Nacho","@id":"https:\/\/fundacionmagtel.es\/en\/#\/schema\/person\/4e0713c2a4fbdff6c748b3723018c9c5"},"headline":"Ankara brings together members of the InovHumRe project to present the main advances of the initiative","datePublished":"2022-12-16T11:28:00+00:00","dateModified":"2025-10-01T11:02:55+00:00","mainEntityOfPage":{"@id":"https:\/\/fundacionmagtel.es\/en\/ankara-brings-together-members-of-the-inovhumre-project-to-present-the-main-advances-of-the-initiative\/"},"wordCount":353,"image":{"@id":"https:\/\/fundacionmagtel.es\/en\/ankara-brings-together-members-of-the-inovhumre-project-to-present-the-main-advances-of-the-initiative\/#primaryimage"},"thumbnailUrl":"https:\/\/fundacionmagtel.es\/wp-content\/uploads\/2022\/12\/MicrosoftTeams-image-4-copia-2.png","keywords":["fundaci\u00f3n magtel","Humanitarian Attention","InovHumRe","Turqu\u00eda"],"articleSection":["Fundaci\u00f3n Magtel","Social action initiatives"],"inLanguage":"en-US"},{"@type":"WebPage","@id":"https:\/\/fundacionmagtel.es\/en\/ankara-brings-together-members-of-the-inovhumre-project-to-present-the-main-advances-of-the-initiative\/","url":"https:\/\/fundacionmagtel.es\/en\/ankara-brings-together-members-of-the-inovhumre-project-to-present-the-main-advances-of-the-initiative\/","name":"Ankara brings together members of the InovHumRe project to present the main advances of the initiative - Fundaci\u00f3n Magtel","isPartOf":{"@id":"https:\/\/fundacionmagtel.es\/en\/#website"},"primaryImageOfPage":{"@id":"https:\/\/fundacionmagtel.es\/en\/ankara-brings-together-members-of-the-inovhumre-project-to-present-the-main-advances-of-the-initiative\/#primaryimage"},"image":{"@id":"https:\/\/fundacionmagtel.es\/en\/ankara-brings-together-members-of-the-inovhumre-project-to-present-the-main-advances-of-the-initiative\/#primaryimage"},"thumbnailUrl":"https:\/\/fundacionmagtel.es\/wp-content\/uploads\/2022\/12\/MicrosoftTeams-image-4-copia-2.png","datePublished":"2022-12-16T11:28:00+00:00","dateModified":"2025-10-01T11:02:55+00:00","author":{"@id":"https:\/\/fundacionmagtel.es\/en\/#\/schema\/person\/4e0713c2a4fbdff6c748b3723018c9c5"},"breadcrumb":{"@id":"https:\/\/fundacionmagtel.es\/en\/ankara-brings-together-members-of-the-inovhumre-project-to-present-the-main-advances-of-the-initiative\/#breadcrumb"},"inLanguage":"en-US","potentialAction":[{"@type":"ReadAction","target":["https:\/\/fundacionmagtel.es\/en\/ankara-brings-together-members-of-the-inovhumre-project-to-present-the-main-advances-of-the-initiative\/"]}]},{"@type":"ImageObject","inLanguage":"en-US","@id":"https:\/\/fundacionmagtel.es\/en\/ankara-brings-together-members-of-the-inovhumre-project-to-present-the-main-advances-of-the-initiative\/#primaryimage","url":"https:\/\/fundacionmagtel.es\/wp-content\/uploads\/2022\/12\/MicrosoftTeams-image-4-copia-2.png","contentUrl":"https:\/\/fundacionmagtel.es\/wp-content\/uploads\/2022\/12\/MicrosoftTeams-image-4-copia-2.png","width":792,"height":278},{"@type":"BreadcrumbList","@id":"https:\/\/fundacionmagtel.es\/en\/ankara-brings-together-members-of-the-inovhumre-project-to-present-the-main-advances-of-the-initiative\/#breadcrumb","itemListElement":[{"@type":"ListItem","position":1,"name":"Portada","item":"https:\/\/fundacionmagtel.es\/en\/home\/"},{"@type":"ListItem","position":2,"name":"Ankara brings together members of the InovHumRe project to present the main advances of the initiative"}]},{"@type":"WebSite","@id":"https:\/\/fundacionmagtel.es\/en\/#website","url":"https:\/\/fundacionmagtel.es\/en\/","name":"Fundaci\u00f3n Magtel","description":"Fundaci\u00f3n Magtel","potentialAction":[{"@type":"SearchAction","target":{"@type":"EntryPoint","urlTemplate":"https:\/\/fundacionmagtel.es\/en\/?s={search_term_string}"},"query-input":{"@type":"PropertyValueSpecification","valueRequired":true,"valueName":"search_term_string"}}],"inLanguage":"en-US"},{"@type":"Person","@id":"https:\/\/fundacionmagtel.es\/en\/#\/schema\/person\/4e0713c2a4fbdff6c748b3723018c9c5","name":"Nacho","image":{"@type":"ImageObject","inLanguage":"en-US","@id":"https:\/\/secure.gravatar.com\/avatar\/c7726c80403dc152278e8207465d82341ce3ebd838fdf3faf63d10481e015936?s=96&d=mm&r=g","url":"https:\/\/secure.gravatar.com\/avatar\/c7726c80403dc152278e8207465d82341ce3ebd838fdf3faf63d10481e015936?s=96&d=mm&r=g","contentUrl":"https:\/\/secure.gravatar.com\/avatar\/c7726c80403dc152278e8207465d82341ce3ebd838fdf3faf63d10481e015936?s=96&d=mm&r=g","caption":"Nacho"},"url":"https:\/\/fundacionmagtel.es\/en\/author\/nacho\/"}]}},"_links":{"self":[{"href":"https:\/\/fundacionmagtel.es\/en\/wp-json\/wp\/v2\/posts\/10546","targetHints":{"allow":["GET"]}}],"collection":[{"href":"https:\/\/fundacionmagtel.es\/en\/wp-json\/wp\/v2\/posts"}],"about":[{"href":"https:\/\/fundacionmagtel.es\/en\/wp-json\/wp\/v2\/types\/post"}],"author":[{"embeddable":true,"href":"https:\/\/fundacionmagtel.es\/en\/wp-json\/wp\/v2\/users\/16"}],"replies":[{"embeddable":true,"href":"https:\/\/fundacionmagtel.es\/en\/wp-json\/wp\/v2\/comments?post=10546"}],"version-history":[{"count":3,"href":"https:\/\/fundacionmagtel.es\/en\/wp-json\/wp\/v2\/posts\/10546\/revisions"}],"predecessor-version":[{"id":10799,"href":"https:\/\/fundacionmagtel.es\/en\/wp-json\/wp\/v2\/posts\/10546\/revisions\/10799"}],"wp:featuredmedia":[{"embeddable":true,"href":"https:\/\/fundacionmagtel.es\/en\/wp-json\/wp\/v2\/media\/9251"}],"wp:attachment":[{"href":"https:\/\/fundacionmagtel.es\/en\/wp-json\/wp\/v2\/media?parent=10546"}],"wp:term":[{"taxonomy":"category","embeddable":true,"href":"https:\/\/fundacionmagtel.es\/en\/wp-json\/wp\/v2\/categories?post=10546"},{"taxonomy":"post_tag","embeddable":true,"href":"https:\/\/fundacionmagtel.es\/en\/wp-json\/wp\/v2\/tags?post=10546"}],"curies":[{"name":"wp","href":"https:\/\/api.w.org\/{rel}","templated":true}]}}