{"id":10521,"date":"2022-12-02T14:53:00","date_gmt":"2022-12-02T13:53:00","guid":{"rendered":"https:\/\/www.fundacionmagtel.esfundacion-magtel-presents-its-awards-for-the-best-initiatives-in-social-action\/"},"modified":"2025-10-01T13:03:01","modified_gmt":"2025-10-01T11:03:01","slug":"fundacion-magtel-presents-its-awards-for-the-best-initiatives-in-social-action","status":"publish","type":"post","link":"https:\/\/fundacionmagtel.es\/en\/fundacion-magtel-presents-its-awards-for-the-best-initiatives-in-social-action\/","title":{"rendered":"Fundaci\u00f3n Magtel presents its awards for the best initiatives in social action"},"content":{"rendered":"\t\t<div data-elementor-type=\"wp-post\" data-elementor-id=\"10521\" class=\"elementor elementor-10521 elementor-9147\" data-elementor-post-type=\"post\">\n\t\t\t\t\t\t<section class=\"elementor-section elementor-top-section elementor-element elementor-element-4de03528 elementor-section-boxed elementor-section-height-default elementor-section-height-default\" data-id=\"4de03528\" data-element_type=\"section\" data-e-type=\"section\">\n\t\t\t\t\t\t<div class=\"elementor-container elementor-column-gap-default\">\n\t\t\t\t\t<div class=\"elementor-column elementor-col-100 elementor-top-column elementor-element elementor-element-291ecd5\" data-id=\"291ecd5\" data-element_type=\"column\" data-e-type=\"column\">\n\t\t\t<div class=\"elementor-widget-wrap elementor-element-populated\">\n\t\t\t\t\t\t<div class=\"elementor-element elementor-element-2fd3956 elementor-widget elementor-widget-text-editor\" data-id=\"2fd3956\" data-element_type=\"widget\" data-e-type=\"widget\" data-widget_type=\"text-editor.default\">\n\t\t\t\t<div class=\"elementor-widget-container\">\n\t\t\t\t\t\t\t\t\tIn the commemorative act of its tenth anniversary, with the presence of the Regional Minister of Social Inclusion, Youth, Families and Equality of the Junta, Loles L\u00f3pez\t\t\t\t\t\t\t\t<\/div>\n\t\t\t\t<\/div>\n\t\t\t\t\t<\/div>\n\t\t<\/div>\n\t\t\t\t\t<\/div>\n\t\t<\/section>\n\t\t\t\t<section class=\"elementor-section elementor-top-section elementor-element elementor-element-4896c75 elementor-section-height-min-height elementor-section-boxed elementor-section-height-default elementor-section-items-middle\" data-id=\"4896c75\" data-element_type=\"section\" data-e-type=\"section\">\n\t\t\t\t\t\t<div class=\"elementor-container elementor-column-gap-default\">\n\t\t\t\t\t<div class=\"elementor-column elementor-col-100 elementor-top-column elementor-element elementor-element-9867be3\" data-id=\"9867be3\" data-element_type=\"column\" data-e-type=\"column\">\n\t\t\t<div class=\"elementor-widget-wrap elementor-element-populated\">\n\t\t\t\t\t\t<div class=\"elementor-element elementor-element-8a314ee elementor-widget elementor-widget-video\" data-id=\"8a314ee\" data-element_type=\"widget\" data-e-type=\"widget\" data-settings=\"{&quot;youtube_url&quot;:&quot;https:\\\/\\\/youtu.be\\\/RcaAENVY3LI&quot;,&quot;video_type&quot;:&quot;youtube&quot;,&quot;controls&quot;:&quot;yes&quot;}\" data-widget_type=\"video.default\">\n\t\t\t\t<div class=\"elementor-widget-container\">\n\t\t\t\t\t\t\t<div class=\"elementor-wrapper elementor-open-inline\">\n\t\t\t<div class=\"elementor-video\"><\/div>\t\t<\/div>\n\t\t\t\t\t\t<\/div>\n\t\t\t\t<\/div>\n\t\t\t\t<div class=\"elementor-element elementor-element-120e318 elementor-widget elementor-widget-heading\" data-id=\"120e318\" data-element_type=\"widget\" data-e-type=\"widget\" data-widget_type=\"heading.default\">\n\t\t\t\t<div class=\"elementor-widget-container\">\n\t\t\t\t\t<h2 class=\"elementor-heading-title elementor-size-default\">The gala in pictures<\/h2>\t\t\t\t<\/div>\n\t\t\t\t<\/div>\n\t\t\t\t<div class=\"elementor-element elementor-element-55d01bb elementor-widget elementor-widget-image-gallery\" data-id=\"55d01bb\" data-element_type=\"widget\" data-e-type=\"widget\" data-widget_type=\"image-gallery.default\">\n\t\t\t\t<div class=\"elementor-widget-container\">\n\t\t\t\t\t\t\t<div class=\"elementor-image-gallery\">\n\t\t\t<div id='gallery-1' class='gallery galleryid-10521 gallery-columns-4 gallery-size-thumbnail'><figure class='gallery-item'>\n\t\t\t<div class='gallery-icon landscape'>\n\t\t\t\t<a data-elementor-open-lightbox=\"yes\" data-elementor-lightbox-slideshow=\"55d01bb\" data-elementor-lightbox-title=\"Innovaci\u00f3n-Sociolaboral-Premios-Fundacion-Magtel-CEAR-Fundacion-Magtel\" data-e-action-hash=\"#elementor-action%3Aaction%3Dlightbox%26settings%3DeyJpZCI6OTIwMiwidXJsIjoiaHR0cHM6XC9cL2Z1bmRhY2lvbm1hZ3RlbC5lc1wvd3AtY29udGVudFwvdXBsb2Fkc1wvMjAyMlwvMTJcL0lubm92YWNpb24tU29jaW9sYWJvcmFsLVByZW1pb3MtRnVuZGFjaW9uLU1hZ3RlbC1DRUFSLUZ1bmRhY2lvbi1NYWd0ZWwtMS1zY2FsZWQuanBnIiwic2xpZGVzaG93IjoiNTVkMDFiYiJ9\" href='https:\/\/fundacionmagtel.es\/wp-content\/uploads\/2022\/12\/Innovacion-Sociolaboral-Premios-Fundacion-Magtel-CEAR-Fundacion-Magtel-1-scaled.jpg'><img decoding=\"async\" width=\"150\" height=\"150\" data-src=\"https:\/\/fundacionmagtel.es\/wp-content\/uploads\/2022\/12\/Innovacion-Sociolaboral-Premios-Fundacion-Magtel-CEAR-Fundacion-Magtel-1-150x150.jpg\" class=\"attachment-thumbnail size-thumbnail lazyload\" alt=\"\" data-srcset=\"https:\/\/fundacionmagtel.es\/wp-content\/uploads\/2022\/12\/Innovacion-Sociolaboral-Premios-Fundacion-Magtel-CEAR-Fundacion-Magtel-1-150x150.jpg 150w, https:\/\/fundacionmagtel.es\/wp-content\/uploads\/2022\/12\/Innovacion-Sociolaboral-Premios-Fundacion-Magtel-CEAR-Fundacion-Magtel-1-100x100.jpg 100w\" data-sizes=\"100vw\" src=\"data:image\/svg+xml;base64,PHN2ZyB3aWR0aD0iMSIgaGVpZ2h0PSIxIiB4bWxucz0iaHR0cDovL3d3dy53My5vcmcvMjAwMC9zdmciPjwvc3ZnPg==\" style=\"--smush-placeholder-width: 150px; --smush-placeholder-aspect-ratio: 150\/150;\" \/><\/a>\n\t\t\t<\/div><\/figure><figure class='gallery-item'>\n\t\t\t<div class='gallery-icon landscape'>\n\t\t\t\t<a data-elementor-open-lightbox=\"yes\" data-elementor-lightbox-slideshow=\"55d01bb\" data-elementor-lightbox-title=\"Innovaci\u00f3n-Sociolaboral-Premios-Fundacion-Magtel-Generation-Spain-Fundacion-Magtel\" data-e-action-hash=\"#elementor-action%3Aaction%3Dlightbox%26settings%3DeyJpZCI6OTIwNCwidXJsIjoiaHR0cHM6XC9cL2Z1bmRhY2lvbm1hZ3RlbC5lc1wvd3AtY29udGVudFwvdXBsb2Fkc1wvMjAyMlwvMTJcL0lubm92YWNpb24tU29jaW9sYWJvcmFsLVByZW1pb3MtRnVuZGFjaW9uLU1hZ3RlbC1HZW5lcmF0aW9uLVNwYWluLUZ1bmRhY2lvbi1NYWd0ZWwtMS1zY2FsZWQuanBnIiwic2xpZGVzaG93IjoiNTVkMDFiYiJ9\" href='https:\/\/fundacionmagtel.es\/wp-content\/uploads\/2022\/12\/Innovacion-Sociolaboral-Premios-Fundacion-Magtel-Generation-Spain-Fundacion-Magtel-1-scaled.jpg'><img decoding=\"async\" width=\"150\" height=\"150\" data-src=\"https:\/\/fundacionmagtel.es\/wp-content\/uploads\/2022\/12\/Innovacion-Sociolaboral-Premios-Fundacion-Magtel-Generation-Spain-Fundacion-Magtel-1-150x150.jpg\" class=\"attachment-thumbnail size-thumbnail lazyload\" alt=\"\" data-srcset=\"https:\/\/fundacionmagtel.es\/wp-content\/uploads\/2022\/12\/Innovacion-Sociolaboral-Premios-Fundacion-Magtel-Generation-Spain-Fundacion-Magtel-1-150x150.jpg 150w, https:\/\/fundacionmagtel.es\/wp-content\/uploads\/2022\/12\/Innovacion-Sociolaboral-Premios-Fundacion-Magtel-Generation-Spain-Fundacion-Magtel-1-100x100.jpg 100w\" data-sizes=\"100vw\" src=\"data:image\/svg+xml;base64,PHN2ZyB3aWR0aD0iMSIgaGVpZ2h0PSIxIiB4bWxucz0iaHR0cDovL3d3dy53My5vcmcvMjAwMC9zdmciPjwvc3ZnPg==\" style=\"--smush-placeholder-width: 150px; --smush-placeholder-aspect-ratio: 150\/150;\" \/><\/a>\n\t\t\t<\/div><\/figure><figure class='gallery-item'>\n\t\t\t<div class='gallery-icon landscape'>\n\t\t\t\t<a data-elementor-open-lightbox=\"yes\" data-elementor-lightbox-slideshow=\"55d01bb\" data-elementor-lightbox-title=\"Canutazo-Fundacion-Magtel\" data-e-action-hash=\"#elementor-action%3Aaction%3Dlightbox%26settings%3DeyJpZCI6OTE1NCwidXJsIjoiaHR0cHM6XC9cL2Z1bmRhY2lvbm1hZ3RlbC5lc1wvd3AtY29udGVudFwvdXBsb2Fkc1wvMjAyMlwvMTJcL0NhbnV0YXpvLUZ1bmRhY2lvbi1NYWd0ZWwuanBnIiwic2xpZGVzaG93IjoiNTVkMDFiYiJ9\" href='https:\/\/fundacionmagtel.es\/wp-content\/uploads\/2022\/12\/Canutazo-Fundacion-Magtel.jpg'><img decoding=\"async\" width=\"150\" height=\"150\" data-src=\"https:\/\/fundacionmagtel.es\/wp-content\/uploads\/2022\/12\/Canutazo-Fundacion-Magtel-150x150.jpg\" class=\"attachment-thumbnail size-thumbnail lazyload\" alt=\"Inicio_Premios_Fundaci\u00f3n_Magtel\" data-srcset=\"https:\/\/fundacionmagtel.es\/wp-content\/uploads\/2022\/12\/Canutazo-Fundacion-Magtel-150x150.jpg 150w, https:\/\/fundacionmagtel.es\/wp-content\/uploads\/2022\/12\/Canutazo-Fundacion-Magtel-100x100.jpg 100w\" data-sizes=\"100vw\" src=\"data:image\/svg+xml;base64,PHN2ZyB3aWR0aD0iMSIgaGVpZ2h0PSIxIiB4bWxucz0iaHR0cDovL3d3dy53My5vcmcvMjAwMC9zdmciPjwvc3ZnPg==\" style=\"--smush-placeholder-width: 150px; --smush-placeholder-aspect-ratio: 150\/150;\" \/><\/a>\n\t\t\t<\/div><\/figure><figure class='gallery-item'>\n\t\t\t<div class='gallery-icon landscape'>\n\t\t\t\t<a data-elementor-open-lightbox=\"yes\" data-elementor-lightbox-slideshow=\"55d01bb\" data-elementor-lightbox-title=\"publico-Fundacion-Magtel\" data-e-action-hash=\"#elementor-action%3Aaction%3Dlightbox%26settings%3DeyJpZCI6OTE4NywidXJsIjoiaHR0cHM6XC9cL2Z1bmRhY2lvbm1hZ3RlbC5lc1wvd3AtY29udGVudFwvdXBsb2Fkc1wvMjAyMlwvMTJcL3B1YmxpY28tRnVuZGFjaW9uLU1hZ3RlbC5qcGciLCJzbGlkZXNob3ciOiI1NWQwMWJiIn0%3D\" href='https:\/\/fundacionmagtel.es\/wp-content\/uploads\/2022\/12\/publico-Fundacion-Magtel.jpg'><img decoding=\"async\" width=\"150\" height=\"150\" data-src=\"https:\/\/fundacionmagtel.es\/wp-content\/uploads\/2022\/12\/publico-Fundacion-Magtel-150x150.jpg\" class=\"attachment-thumbnail size-thumbnail lazyload\" alt=\"\" data-srcset=\"https:\/\/fundacionmagtel.es\/wp-content\/uploads\/2022\/12\/publico-Fundacion-Magtel-150x150.jpg 150w, https:\/\/fundacionmagtel.es\/wp-content\/uploads\/2022\/12\/publico-Fundacion-Magtel-100x100.jpg 100w\" data-sizes=\"100vw\" src=\"data:image\/svg+xml;base64,PHN2ZyB3aWR0aD0iMSIgaGVpZ2h0PSIxIiB4bWxucz0iaHR0cDovL3d3dy53My5vcmcvMjAwMC9zdmciPjwvc3ZnPg==\" style=\"--smush-placeholder-width: 150px; --smush-placeholder-aspect-ratio: 150\/150;\" \/><\/a>\n\t\t\t<\/div><\/figure><figure class='gallery-item'>\n\t\t\t<div class='gallery-icon landscape'>\n\t\t\t\t<a data-elementor-open-lightbox=\"yes\" data-elementor-lightbox-slideshow=\"55d01bb\" data-elementor-lightbox-title=\"Presidenta-Fundaci\u00f3n-Magtel\" data-e-action-hash=\"#elementor-action%3Aaction%3Dlightbox%26settings%3DeyJpZCI6OTE4NSwidXJsIjoiaHR0cHM6XC9cL2Z1bmRhY2lvbm1hZ3RlbC5lc1wvd3AtY29udGVudFwvdXBsb2Fkc1wvMjAyMlwvMTJcL1ByZXNpZGVudGEtRnVuZGFjaW9uLU1hZ3RlbC1zY2FsZWQuanBnIiwic2xpZGVzaG93IjoiNTVkMDFiYiJ9\" href='https:\/\/fundacionmagtel.es\/wp-content\/uploads\/2022\/12\/Presidenta-Fundacion-Magtel-scaled.jpg'><img decoding=\"async\" width=\"150\" height=\"150\" data-src=\"https:\/\/fundacionmagtel.es\/wp-content\/uploads\/2022\/12\/Presidenta-Fundacion-Magtel-150x150.jpg\" class=\"attachment-thumbnail size-thumbnail lazyload\" alt=\"\" data-srcset=\"https:\/\/fundacionmagtel.es\/wp-content\/uploads\/2022\/12\/Presidenta-Fundacion-Magtel-150x150.jpg 150w, https:\/\/fundacionmagtel.es\/wp-content\/uploads\/2022\/12\/Presidenta-Fundacion-Magtel-100x100.jpg 100w\" data-sizes=\"100vw\" src=\"data:image\/svg+xml;base64,PHN2ZyB3aWR0aD0iMSIgaGVpZ2h0PSIxIiB4bWxucz0iaHR0cDovL3d3dy53My5vcmcvMjAwMC9zdmciPjwvc3ZnPg==\" style=\"--smush-placeholder-width: 150px; --smush-placeholder-aspect-ratio: 150\/150;\" \/><\/a>\n\t\t\t<\/div><\/figure><figure class='gallery-item'>\n\t\t\t<div class='gallery-icon landscape'>\n\t\t\t\t<a data-elementor-open-lightbox=\"yes\" data-elementor-lightbox-slideshow=\"55d01bb\" data-elementor-lightbox-title=\"Premiados-Fundacion-Magtel\" data-e-action-hash=\"#elementor-action%3Aaction%3Dlightbox%26settings%3DeyJpZCI6OTE4MywidXJsIjoiaHR0cHM6XC9cL2Z1bmRhY2lvbm1hZ3RlbC5lc1wvd3AtY29udGVudFwvdXBsb2Fkc1wvMjAyMlwvMTJcL1ByZW1pYWRvcy1GdW5kYWNpb24tTWFndGVsLmpwZyIsInNsaWRlc2hvdyI6IjU1ZDAxYmIifQ%3D%3D\" href='https:\/\/fundacionmagtel.es\/wp-content\/uploads\/2022\/12\/Premiados-Fundacion-Magtel.jpg'><img decoding=\"async\" width=\"150\" height=\"150\" data-src=\"https:\/\/fundacionmagtel.es\/wp-content\/uploads\/2022\/12\/Premiados-Fundacion-Magtel-150x150.jpg\" class=\"attachment-thumbnail size-thumbnail lazyload\" alt=\"\" data-srcset=\"https:\/\/fundacionmagtel.es\/wp-content\/uploads\/2022\/12\/Premiados-Fundacion-Magtel-150x150.jpg 150w, https:\/\/fundacionmagtel.es\/wp-content\/uploads\/2022\/12\/Premiados-Fundacion-Magtel-100x100.jpg 100w\" data-sizes=\"100vw\" src=\"data:image\/svg+xml;base64,PHN2ZyB3aWR0aD0iMSIgaGVpZ2h0PSIxIiB4bWxucz0iaHR0cDovL3d3dy53My5vcmcvMjAwMC9zdmciPjwvc3ZnPg==\" style=\"--smush-placeholder-width: 150px; --smush-placeholder-aspect-ratio: 150\/150;\" \/><\/a>\n\t\t\t<\/div><\/figure><figure class='gallery-item'>\n\t\t\t<div class='gallery-icon landscape'>\n\t\t\t\t<a data-elementor-open-lightbox=\"yes\" data-elementor-lightbox-slideshow=\"55d01bb\" data-elementor-lightbox-title=\"Patronato-premiados-Fundacion-Magtel\" data-e-action-hash=\"#elementor-action%3Aaction%3Dlightbox%26settings%3DeyJpZCI6OTE4MSwidXJsIjoiaHR0cHM6XC9cL2Z1bmRhY2lvbm1hZ3RlbC5lc1wvd3AtY29udGVudFwvdXBsb2Fkc1wvMjAyMlwvMTJcL1BhdHJvbmF0by1wcmVtaWFkb3MtRnVuZGFjaW9uLU1hZ3RlbC5qcGciLCJzbGlkZXNob3ciOiI1NWQwMWJiIn0%3D\" href='https:\/\/fundacionmagtel.es\/wp-content\/uploads\/2022\/12\/Patronato-premiados-Fundacion-Magtel.jpg'><img decoding=\"async\" width=\"150\" height=\"150\" data-src=\"https:\/\/fundacionmagtel.es\/wp-content\/uploads\/2022\/12\/Patronato-premiados-Fundacion-Magtel-150x150.jpg\" class=\"attachment-thumbnail size-thumbnail lazyload\" alt=\"\" data-srcset=\"https:\/\/fundacionmagtel.es\/wp-content\/uploads\/2022\/12\/Patronato-premiados-Fundacion-Magtel-150x150.jpg 150w, https:\/\/fundacionmagtel.es\/wp-content\/uploads\/2022\/12\/Patronato-premiados-Fundacion-Magtel-100x100.jpg 100w\" data-sizes=\"100vw\" src=\"data:image\/svg+xml;base64,PHN2ZyB3aWR0aD0iMSIgaGVpZ2h0PSIxIiB4bWxucz0iaHR0cDovL3d3dy53My5vcmcvMjAwMC9zdmciPjwvc3ZnPg==\" style=\"--smush-placeholder-width: 150px; --smush-placeholder-aspect-ratio: 150\/150;\" \/><\/a>\n\t\t\t<\/div><\/figure><figure class='gallery-item'>\n\t\t\t<div class='gallery-icon landscape'>\n\t\t\t\t<a data-elementor-open-lightbox=\"yes\" data-elementor-lightbox-slideshow=\"55d01bb\" data-elementor-lightbox-title=\"Patronato-Fundacion-Magtel\" data-e-action-hash=\"#elementor-action%3Aaction%3Dlightbox%26settings%3DeyJpZCI6OTE3OSwidXJsIjoiaHR0cHM6XC9cL2Z1bmRhY2lvbm1hZ3RlbC5lc1wvd3AtY29udGVudFwvdXBsb2Fkc1wvMjAyMlwvMTJcL1BhdHJvbmF0by1GdW5kYWNpb24tTWFndGVsLmpwZyIsInNsaWRlc2hvdyI6IjU1ZDAxYmIifQ%3D%3D\" href='https:\/\/fundacionmagtel.es\/wp-content\/uploads\/2022\/12\/Patronato-Fundacion-Magtel.jpg'><img decoding=\"async\" width=\"150\" height=\"150\" data-src=\"https:\/\/fundacionmagtel.es\/wp-content\/uploads\/2022\/12\/Patronato-Fundacion-Magtel-150x150.jpg\" class=\"attachment-thumbnail size-thumbnail lazyload\" alt=\"\" data-srcset=\"https:\/\/fundacionmagtel.es\/wp-content\/uploads\/2022\/12\/Patronato-Fundacion-Magtel-150x150.jpg 150w, https:\/\/fundacionmagtel.es\/wp-content\/uploads\/2022\/12\/Patronato-Fundacion-Magtel-100x100.jpg 100w\" data-sizes=\"100vw\" src=\"data:image\/svg+xml;base64,PHN2ZyB3aWR0aD0iMSIgaGVpZ2h0PSIxIiB4bWxucz0iaHR0cDovL3d3dy53My5vcmcvMjAwMC9zdmciPjwvc3ZnPg==\" style=\"--smush-placeholder-width: 150px; --smush-placeholder-aspect-ratio: 150\/150;\" \/><\/a>\n\t\t\t<\/div><\/figure><figure class='gallery-item'>\n\t\t\t<div class='gallery-icon landscape'>\n\t\t\t\t<a data-elementor-open-lightbox=\"yes\" data-elementor-lightbox-slideshow=\"55d01bb\" data-elementor-lightbox-title=\"Keru-Sanchez-Fundacion-Magtel\" data-e-action-hash=\"#elementor-action%3Aaction%3Dlightbox%26settings%3DeyJpZCI6OTE3NywidXJsIjoiaHR0cHM6XC9cL2Z1bmRhY2lvbm1hZ3RlbC5lc1wvd3AtY29udGVudFwvdXBsb2Fkc1wvMjAyMlwvMTJcL0tlcnUtU2FuY2hlei1GdW5kYWNpb24tTWFndGVsLmpwZyIsInNsaWRlc2hvdyI6IjU1ZDAxYmIifQ%3D%3D\" href='https:\/\/fundacionmagtel.es\/wp-content\/uploads\/2022\/12\/Keru-Sanchez-Fundacion-Magtel.jpg'><img decoding=\"async\" width=\"150\" height=\"150\" data-src=\"https:\/\/fundacionmagtel.es\/wp-content\/uploads\/2022\/12\/Keru-Sanchez-Fundacion-Magtel-150x150.jpg\" class=\"attachment-thumbnail size-thumbnail lazyload\" alt=\"\" data-srcset=\"https:\/\/fundacionmagtel.es\/wp-content\/uploads\/2022\/12\/Keru-Sanchez-Fundacion-Magtel-150x150.jpg 150w, https:\/\/fundacionmagtel.es\/wp-content\/uploads\/2022\/12\/Keru-Sanchez-Fundacion-Magtel-100x100.jpg 100w\" data-sizes=\"100vw\" src=\"data:image\/svg+xml;base64,PHN2ZyB3aWR0aD0iMSIgaGVpZ2h0PSIxIiB4bWxucz0iaHR0cDovL3d3dy53My5vcmcvMjAwMC9zdmciPjwvc3ZnPg==\" style=\"--smush-placeholder-width: 150px; --smush-placeholder-aspect-ratio: 150\/150;\" \/><\/a>\n\t\t\t<\/div><\/figure><figure class='gallery-item'>\n\t\t\t<div class='gallery-icon landscape'>\n\t\t\t\t<a data-elementor-open-lightbox=\"yes\" data-elementor-lightbox-slideshow=\"55d01bb\" data-elementor-lightbox-title=\"Innovaci\u00f3n-Tecnologica-Premios-Universidad-Loyola-Fundacion-Magtel\" data-e-action-hash=\"#elementor-action%3Aaction%3Dlightbox%26settings%3DeyJpZCI6OTE3NSwidXJsIjoiaHR0cHM6XC9cL2Z1bmRhY2lvbm1hZ3RlbC5lc1wvd3AtY29udGVudFwvdXBsb2Fkc1wvMjAyMlwvMTJcL0lubm92YWNpb24tVGVjbm9sb2dpY2EtUHJlbWlvcy1Vbml2ZXJzaWRhZC1Mb3lvbGEtRnVuZGFjaW9uLU1hZ3RlbC1zY2FsZWQuanBnIiwic2xpZGVzaG93IjoiNTVkMDFiYiJ9\" href='https:\/\/fundacionmagtel.es\/wp-content\/uploads\/2022\/12\/Innovacion-Tecnologica-Premios-Universidad-Loyola-Fundacion-Magtel-scaled.jpg'><img decoding=\"async\" width=\"150\" height=\"150\" data-src=\"https:\/\/fundacionmagtel.es\/wp-content\/uploads\/2022\/12\/Innovacion-Tecnologica-Premios-Universidad-Loyola-Fundacion-Magtel-150x150.jpg\" class=\"attachment-thumbnail size-thumbnail lazyload\" alt=\"\" data-srcset=\"https:\/\/fundacionmagtel.es\/wp-content\/uploads\/2022\/12\/Innovacion-Tecnologica-Premios-Universidad-Loyola-Fundacion-Magtel-150x150.jpg 150w, https:\/\/fundacionmagtel.es\/wp-content\/uploads\/2022\/12\/Innovacion-Tecnologica-Premios-Universidad-Loyola-Fundacion-Magtel-100x100.jpg 100w\" data-sizes=\"100vw\" src=\"data:image\/svg+xml;base64,PHN2ZyB3aWR0aD0iMSIgaGVpZ2h0PSIxIiB4bWxucz0iaHR0cDovL3d3dy53My5vcmcvMjAwMC9zdmciPjwvc3ZnPg==\" style=\"--smush-placeholder-width: 150px; --smush-placeholder-aspect-ratio: 150\/150;\" \/><\/a>\n\t\t\t<\/div><\/figure><figure class='gallery-item'>\n\t\t\t<div class='gallery-icon landscape'>\n\t\t\t\t<a data-elementor-open-lightbox=\"yes\" data-elementor-lightbox-slideshow=\"55d01bb\" data-elementor-lightbox-title=\"Innovaci\u00f3n-Tecnologica-Premios-Smallops-Fundacion-Magtel\" data-e-action-hash=\"#elementor-action%3Aaction%3Dlightbox%26settings%3DeyJpZCI6OTE3MywidXJsIjoiaHR0cHM6XC9cL2Z1bmRhY2lvbm1hZ3RlbC5lc1wvd3AtY29udGVudFwvdXBsb2Fkc1wvMjAyMlwvMTJcL0lubm92YWNpb24tVGVjbm9sb2dpY2EtUHJlbWlvcy1TbWFsbG9wcy1GdW5kYWNpb24tTWFndGVsLXNjYWxlZC5qcGciLCJzbGlkZXNob3ciOiI1NWQwMWJiIn0%3D\" href='https:\/\/fundacionmagtel.es\/wp-content\/uploads\/2022\/12\/Innovacion-Tecnologica-Premios-Smallops-Fundacion-Magtel-scaled.jpg'><img decoding=\"async\" width=\"150\" height=\"150\" data-src=\"https:\/\/fundacionmagtel.es\/wp-content\/uploads\/2022\/12\/Innovacion-Tecnologica-Premios-Smallops-Fundacion-Magtel-150x150.jpg\" class=\"attachment-thumbnail size-thumbnail lazyload\" alt=\"\" data-srcset=\"https:\/\/fundacionmagtel.es\/wp-content\/uploads\/2022\/12\/Innovacion-Tecnologica-Premios-Smallops-Fundacion-Magtel-150x150.jpg 150w, https:\/\/fundacionmagtel.es\/wp-content\/uploads\/2022\/12\/Innovacion-Tecnologica-Premios-Smallops-Fundacion-Magtel-100x100.jpg 100w\" data-sizes=\"100vw\" src=\"data:image\/svg+xml;base64,PHN2ZyB3aWR0aD0iMSIgaGVpZ2h0PSIxIiB4bWxucz0iaHR0cDovL3d3dy53My5vcmcvMjAwMC9zdmciPjwvc3ZnPg==\" style=\"--smush-placeholder-width: 150px; --smush-placeholder-aspect-ratio: 150\/150;\" \/><\/a>\n\t\t\t<\/div><\/figure><figure class='gallery-item'>\n\t\t\t<div class='gallery-icon landscape'>\n\t\t\t\t<a data-elementor-open-lightbox=\"yes\" data-elementor-lightbox-slideshow=\"55d01bb\" data-elementor-lightbox-title=\"Innovaci\u00f3n-Social-Premios-Dravet-Fundacion-Magtel\" data-e-action-hash=\"#elementor-action%3Aaction%3Dlightbox%26settings%3DeyJpZCI6OTE2NywidXJsIjoiaHR0cHM6XC9cL2Z1bmRhY2lvbm1hZ3RlbC5lc1wvd3AtY29udGVudFwvdXBsb2Fkc1wvMjAyMlwvMTJcL0lubm92YWNpb24tU29jaWFsLVByZW1pb3MtRHJhdmV0LUZ1bmRhY2lvbi1NYWd0ZWwtc2NhbGVkLmpwZyIsInNsaWRlc2hvdyI6IjU1ZDAxYmIifQ%3D%3D\" href='https:\/\/fundacionmagtel.es\/wp-content\/uploads\/2022\/12\/Innovacion-Social-Premios-Dravet-Fundacion-Magtel-scaled.jpg'><img decoding=\"async\" width=\"150\" height=\"150\" data-src=\"https:\/\/fundacionmagtel.es\/wp-content\/uploads\/2022\/12\/Innovacion-Social-Premios-Dravet-Fundacion-Magtel-150x150.jpg\" class=\"attachment-thumbnail size-thumbnail lazyload\" alt=\"\" data-srcset=\"https:\/\/fundacionmagtel.es\/wp-content\/uploads\/2022\/12\/Innovacion-Social-Premios-Dravet-Fundacion-Magtel-150x150.jpg 150w, https:\/\/fundacionmagtel.es\/wp-content\/uploads\/2022\/12\/Innovacion-Social-Premios-Dravet-Fundacion-Magtel-100x100.jpg 100w\" data-sizes=\"100vw\" src=\"data:image\/svg+xml;base64,PHN2ZyB3aWR0aD0iMSIgaGVpZ2h0PSIxIiB4bWxucz0iaHR0cDovL3d3dy53My5vcmcvMjAwMC9zdmciPjwvc3ZnPg==\" style=\"--smush-placeholder-width: 150px; --smush-placeholder-aspect-ratio: 150\/150;\" \/><\/a>\n\t\t\t<\/div><\/figure><figure class='gallery-item'>\n\t\t\t<div class='gallery-icon landscape'>\n\t\t\t\t<a data-elementor-open-lightbox=\"yes\" data-elementor-lightbox-slideshow=\"55d01bb\" data-elementor-lightbox-title=\"Innovaci\u00f3n-Social-Premios-Alzheimer y otras Demencias-Fundacion-Magtel\" data-e-action-hash=\"#elementor-action%3Aaction%3Dlightbox%26settings%3DeyJpZCI6OTE2NSwidXJsIjoiaHR0cHM6XC9cL2Z1bmRhY2lvbm1hZ3RlbC5lc1wvd3AtY29udGVudFwvdXBsb2Fkc1wvMjAyMlwvMTJcL0lubm92YWNpb24tU29jaWFsLVByZW1pb3MtQWx6aGVpbWVyLXktb3RyYXMtRGVtZW5jaWFzLUZ1bmRhY2lvbi1NYWd0ZWwtc2NhbGVkLmpwZyIsInNsaWRlc2hvdyI6IjU1ZDAxYmIifQ%3D%3D\" href='https:\/\/fundacionmagtel.es\/wp-content\/uploads\/2022\/12\/Innovacion-Social-Premios-Alzheimer-y-otras-Demencias-Fundacion-Magtel-scaled.jpg'><img decoding=\"async\" width=\"150\" height=\"150\" data-src=\"https:\/\/fundacionmagtel.es\/wp-content\/uploads\/2022\/12\/Innovacion-Social-Premios-Alzheimer-y-otras-Demencias-Fundacion-Magtel-150x150.jpg\" class=\"attachment-thumbnail size-thumbnail lazyload\" alt=\"\" data-srcset=\"https:\/\/fundacionmagtel.es\/wp-content\/uploads\/2022\/12\/Innovacion-Social-Premios-Alzheimer-y-otras-Demencias-Fundacion-Magtel-150x150.jpg 150w, https:\/\/fundacionmagtel.es\/wp-content\/uploads\/2022\/12\/Innovacion-Social-Premios-Alzheimer-y-otras-Demencias-Fundacion-Magtel-100x100.jpg 100w\" data-sizes=\"100vw\" src=\"data:image\/svg+xml;base64,PHN2ZyB3aWR0aD0iMSIgaGVpZ2h0PSIxIiB4bWxucz0iaHR0cDovL3d3dy53My5vcmcvMjAwMC9zdmciPjwvc3ZnPg==\" style=\"--smush-placeholder-width: 150px; --smush-placeholder-aspect-ratio: 150\/150;\" \/><\/a>\n\t\t\t<\/div><\/figure><figure class='gallery-item'>\n\t\t\t<div class='gallery-icon landscape'>\n\t\t\t\t<a data-elementor-open-lightbox=\"yes\" data-elementor-lightbox-slideshow=\"55d01bb\" data-elementor-lightbox-title=\"Discurso-portavoz-Premiados-Enrique-Revilla-Medicus-Mundi-Fundacion-Magtel\" data-e-action-hash=\"#elementor-action%3Aaction%3Dlightbox%26settings%3DeyJpZCI6OTE2MywidXJsIjoiaHR0cHM6XC9cL2Z1bmRhY2lvbm1hZ3RlbC5lc1wvd3AtY29udGVudFwvdXBsb2Fkc1wvMjAyMlwvMTJcL0Rpc2N1cnNvLXBvcnRhdm96LVByZW1pYWRvcy1FbnJpcXVlLVJldmlsbGEtTWVkaWN1cy1NdW5kaS1GdW5kYWNpb24tTWFndGVsLmpwZyIsInNsaWRlc2hvdyI6IjU1ZDAxYmIifQ%3D%3D\" href='https:\/\/fundacionmagtel.es\/wp-content\/uploads\/2022\/12\/Discurso-portavoz-Premiados-Enrique-Revilla-Medicus-Mundi-Fundacion-Magtel.jpg'><img decoding=\"async\" width=\"150\" height=\"150\" data-src=\"https:\/\/fundacionmagtel.es\/wp-content\/uploads\/2022\/12\/Discurso-portavoz-Premiados-Enrique-Revilla-Medicus-Mundi-Fundacion-Magtel-150x150.jpg\" class=\"attachment-thumbnail size-thumbnail lazyload\" alt=\"\" data-srcset=\"https:\/\/fundacionmagtel.es\/wp-content\/uploads\/2022\/12\/Discurso-portavoz-Premiados-Enrique-Revilla-Medicus-Mundi-Fundacion-Magtel-150x150.jpg 150w, https:\/\/fundacionmagtel.es\/wp-content\/uploads\/2022\/12\/Discurso-portavoz-Premiados-Enrique-Revilla-Medicus-Mundi-Fundacion-Magtel-100x100.jpg 100w\" data-sizes=\"100vw\" src=\"data:image\/svg+xml;base64,PHN2ZyB3aWR0aD0iMSIgaGVpZ2h0PSIxIiB4bWxucz0iaHR0cDovL3d3dy53My5vcmcvMjAwMC9zdmciPjwvc3ZnPg==\" style=\"--smush-placeholder-width: 150px; --smush-placeholder-aspect-ratio: 150\/150;\" \/><\/a>\n\t\t\t<\/div><\/figure><figure class='gallery-item'>\n\t\t\t<div class='gallery-icon landscape'>\n\t\t\t\t<a data-elementor-open-lightbox=\"yes\" data-elementor-lightbox-slideshow=\"55d01bb\" data-elementor-lightbox-title=\"Discurso-Loles-Lopez-Consejera-Igualdad-Fundacion-Magtel\" data-e-action-hash=\"#elementor-action%3Aaction%3Dlightbox%26settings%3DeyJpZCI6OTE2MCwidXJsIjoiaHR0cHM6XC9cL2Z1bmRhY2lvbm1hZ3RlbC5lc1wvd3AtY29udGVudFwvdXBsb2Fkc1wvMjAyMlwvMTJcL0Rpc2N1cnNvLUxvbGVzLUxvcGV6LUNvbnNlamVyYS1JZ3VhbGRhZC1GdW5kYWNpb24tTWFndGVsLmpwZyIsInNsaWRlc2hvdyI6IjU1ZDAxYmIifQ%3D%3D\" href='https:\/\/fundacionmagtel.es\/wp-content\/uploads\/2022\/12\/Discurso-Loles-Lopez-Consejera-Igualdad-Fundacion-Magtel.jpg'><img decoding=\"async\" width=\"150\" height=\"150\" data-src=\"https:\/\/fundacionmagtel.es\/wp-content\/uploads\/2022\/12\/Discurso-Loles-Lopez-Consejera-Igualdad-Fundacion-Magtel-150x150.jpg\" class=\"attachment-thumbnail size-thumbnail lazyload\" alt=\"\" data-srcset=\"https:\/\/fundacionmagtel.es\/wp-content\/uploads\/2022\/12\/Discurso-Loles-Lopez-Consejera-Igualdad-Fundacion-Magtel-150x150.jpg 150w, https:\/\/fundacionmagtel.es\/wp-content\/uploads\/2022\/12\/Discurso-Loles-Lopez-Consejera-Igualdad-Fundacion-Magtel-100x100.jpg 100w\" data-sizes=\"100vw\" src=\"data:image\/svg+xml;base64,PHN2ZyB3aWR0aD0iMSIgaGVpZ2h0PSIxIiB4bWxucz0iaHR0cDovL3d3dy53My5vcmcvMjAwMC9zdmciPjwvc3ZnPg==\" style=\"--smush-placeholder-width: 150px; --smush-placeholder-aspect-ratio: 150\/150;\" \/><\/a>\n\t\t\t<\/div><\/figure><figure class='gallery-item'>\n\t\t\t<div class='gallery-icon landscape'>\n\t\t\t\t<a data-elementor-open-lightbox=\"yes\" data-elementor-lightbox-slideshow=\"55d01bb\" data-elementor-lightbox-title=\"Cooperacion-Internacional-Medicus-Mundi-Fundacion-Magtel\" data-e-action-hash=\"#elementor-action%3Aaction%3Dlightbox%26settings%3DeyJpZCI6OTE1OCwidXJsIjoiaHR0cHM6XC9cL2Z1bmRhY2lvbm1hZ3RlbC5lc1wvd3AtY29udGVudFwvdXBsb2Fkc1wvMjAyMlwvMTJcL0Nvb3BlcmFjaW9uLUludGVybmFjaW9uYWwtTWVkaWN1cy1NdW5kaS1GdW5kYWNpb24tTWFndGVsLmpwZyIsInNsaWRlc2hvdyI6IjU1ZDAxYmIifQ%3D%3D\" href='https:\/\/fundacionmagtel.es\/wp-content\/uploads\/2022\/12\/Cooperacion-Internacional-Medicus-Mundi-Fundacion-Magtel.jpg'><img decoding=\"async\" width=\"150\" height=\"150\" data-src=\"https:\/\/fundacionmagtel.es\/wp-content\/uploads\/2022\/12\/Cooperacion-Internacional-Medicus-Mundi-Fundacion-Magtel-150x150.jpg\" class=\"attachment-thumbnail size-thumbnail lazyload\" alt=\"\" data-srcset=\"https:\/\/fundacionmagtel.es\/wp-content\/uploads\/2022\/12\/Cooperacion-Internacional-Medicus-Mundi-Fundacion-Magtel-150x150.jpg 150w, https:\/\/fundacionmagtel.es\/wp-content\/uploads\/2022\/12\/Cooperacion-Internacional-Medicus-Mundi-Fundacion-Magtel-100x100.jpg 100w\" data-sizes=\"100vw\" src=\"data:image\/svg+xml;base64,PHN2ZyB3aWR0aD0iMSIgaGVpZ2h0PSIxIiB4bWxucz0iaHR0cDovL3d3dy53My5vcmcvMjAwMC9zdmciPjwvc3ZnPg==\" style=\"--smush-placeholder-width: 150px; --smush-placeholder-aspect-ratio: 150\/150;\" \/><\/a>\n\t\t\t<\/div><\/figure><figure class='gallery-item'>\n\t\t\t<div class='gallery-icon landscape'>\n\t\t\t\t<a data-elementor-open-lightbox=\"yes\" data-elementor-lightbox-slideshow=\"55d01bb\" data-elementor-lightbox-title=\"Cooperacion-Internacional-Juan-Ciudad-Fundacion-Magtel\" data-e-action-hash=\"#elementor-action%3Aaction%3Dlightbox%26settings%3DeyJpZCI6OTE1NiwidXJsIjoiaHR0cHM6XC9cL2Z1bmRhY2lvbm1hZ3RlbC5lc1wvd3AtY29udGVudFwvdXBsb2Fkc1wvMjAyMlwvMTJcL0Nvb3BlcmFjaW9uLUludGVybmFjaW9uYWwtSnVhbi1DaXVkYWQtRnVuZGFjaW9uLU1hZ3RlbC5qcGciLCJzbGlkZXNob3ciOiI1NWQwMWJiIn0%3D\" href='https:\/\/fundacionmagtel.es\/wp-content\/uploads\/2022\/12\/Cooperacion-Internacional-Juan-Ciudad-Fundacion-Magtel.jpg'><img decoding=\"async\" width=\"150\" height=\"150\" data-src=\"https:\/\/fundacionmagtel.es\/wp-content\/uploads\/2022\/12\/Cooperacion-Internacional-Juan-Ciudad-Fundacion-Magtel-150x150.jpg\" class=\"attachment-thumbnail size-thumbnail lazyload\" alt=\"\" data-srcset=\"https:\/\/fundacionmagtel.es\/wp-content\/uploads\/2022\/12\/Cooperacion-Internacional-Juan-Ciudad-Fundacion-Magtel-150x150.jpg 150w, https:\/\/fundacionmagtel.es\/wp-content\/uploads\/2022\/12\/Cooperacion-Internacional-Juan-Ciudad-Fundacion-Magtel-100x100.jpg 100w\" data-sizes=\"100vw\" src=\"data:image\/svg+xml;base64,PHN2ZyB3aWR0aD0iMSIgaGVpZ2h0PSIxIiB4bWxucz0iaHR0cDovL3d3dy53My5vcmcvMjAwMC9zdmciPjwvc3ZnPg==\" style=\"--smush-placeholder-width: 150px; --smush-placeholder-aspect-ratio: 150\/150;\" \/><\/a>\n\t\t\t<\/div><\/figure><figure class='gallery-item'>\n\t\t\t<div class='gallery-icon landscape'>\n\t\t\t\t<a data-elementor-open-lightbox=\"yes\" data-elementor-lightbox-slideshow=\"55d01bb\" data-elementor-lightbox-title=\"III Premios Fundaci\u00f3n (1522x534)\" data-e-action-hash=\"#elementor-action%3Aaction%3Dlightbox%26settings%3DeyJpZCI6OTE1MSwidXJsIjoiaHR0cHM6XC9cL2Z1bmRhY2lvbm1hZ3RlbC5lc1wvd3AtY29udGVudFwvdXBsb2Fkc1wvMjAyMlwvMTJcL0lJSS1QcmVtaW9zLUZ1bmRhY2lvbi0xNTIyeDUzNC0yLXNjYWxlZC5qcGciLCJzbGlkZXNob3ciOiI1NWQwMWJiIn0%3D\" href='https:\/\/fundacionmagtel.es\/wp-content\/uploads\/2022\/12\/III-Premios-Fundacion-1522x534-2-scaled.jpg'><img decoding=\"async\" width=\"150\" height=\"150\" data-src=\"https:\/\/fundacionmagtel.es\/wp-content\/uploads\/2022\/12\/III-Premios-Fundacion-1522x534-2-150x150.jpg\" class=\"attachment-thumbnail size-thumbnail lazyload\" alt=\"\" data-srcset=\"https:\/\/fundacionmagtel.es\/wp-content\/uploads\/2022\/12\/III-Premios-Fundacion-1522x534-2-150x150.jpg 150w, https:\/\/fundacionmagtel.es\/wp-content\/uploads\/2022\/12\/III-Premios-Fundacion-1522x534-2-100x100.jpg 100w\" data-sizes=\"100vw\" src=\"data:image\/svg+xml;base64,PHN2ZyB3aWR0aD0iMSIgaGVpZ2h0PSIxIiB4bWxucz0iaHR0cDovL3d3dy53My5vcmcvMjAwMC9zdmciPjwvc3ZnPg==\" style=\"--smush-placeholder-width: 150px; --smush-placeholder-aspect-ratio: 150\/150;\" \/><\/a>\n\t\t\t<\/div><\/figure>\n\t\t<\/div>\n\t\t<\/div>\n\t\t\t\t\t\t<\/div>\n\t\t\t\t<\/div>\n\t\t\t\t\t<\/div>\n\t\t<\/div>\n\t\t\t\t\t<\/div>\n\t\t<\/section>\n\t\t\t\t<\/div>\n\t\t","protected":false},"excerpt":{"rendered":"<p>In the commemorative act of its tenth anniversary, with the presence of the Regional Minister of Social Inclusion, Youth, Families and Equality of the Junta, Loles L\u00f3pezhttps:\/\/youtu.be\/RcaAENVY3LI The gala in pictures<\/p>\n","protected":false},"author":8,"featured_media":9151,"comment_status":"closed","ping_status":"closed","sticky":false,"template":"","format":"standard","meta":{"_exactmetrics_skip_tracking":false,"_exactmetrics_sitenote_active":false,"_exactmetrics_sitenote_note":"","_exactmetrics_sitenote_category":0,"footnotes":""},"categories":[102,639,118,640,103,100,93],"tags":[120,111,674,675,105,665,645,646],"class_list":["post-10521","post","type-post","status-publish","format-standard","has-post-thumbnail","hentry","category-employability","category-fundacion-magtel-en","category-innovacion-social-en","category-institucional-en","category-international-cooperation","category-social-action-initiatives","category-uncategorized","tag-cooperacion-internacional-en","tag-fundacion-magtel-en","tag-iii-awards","tag-iii-fundacion-magtel-awards","tag-insercion-sociolaboral-en","tag-social-action-en","tag-social-innovation","tag-technological-innovation"],"yoast_head":"<!-- This site is optimized with the Yoast SEO plugin v27.3 - https:\/\/yoast.com\/product\/yoast-seo-wordpress\/ -->\n<title>Fundaci\u00f3n Magtel presents its awards for the best initiatives in social action - Fundaci\u00f3n Magtel<\/title>\n<meta name=\"robots\" content=\"index, follow, max-snippet:-1, max-image-preview:large, max-video-preview:-1\" \/>\n<link rel=\"canonical\" href=\"https:\/\/fundacionmagtel.es\/en\/fundacion-magtel-presents-its-awards-for-the-best-initiatives-in-social-action\/\" \/>\n<meta property=\"og:locale\" content=\"en_US\" \/>\n<meta property=\"og:type\" content=\"article\" \/>\n<meta property=\"og:title\" content=\"Fundaci\u00f3n Magtel presents its awards for the best initiatives in social action - Fundaci\u00f3n Magtel\" \/>\n<meta property=\"og:description\" content=\"In the commemorative act of its tenth anniversary, with the presence of the Regional Minister of Social Inclusion, Youth, Families and Equality of the Junta, Loles L\u00f3pezhttps:\/\/youtu.be\/RcaAENVY3LI The gala in pictures\" \/>\n<meta property=\"og:url\" content=\"https:\/\/fundacionmagtel.es\/en\/fundacion-magtel-presents-its-awards-for-the-best-initiatives-in-social-action\/\" \/>\n<meta property=\"og:site_name\" content=\"Fundaci\u00f3n Magtel\" \/>\n<meta property=\"article:publisher\" content=\"https:\/\/www.facebook.com\/GrupoMagtel\/\" \/>\n<meta property=\"article:published_time\" content=\"2022-12-02T13:53:00+00:00\" \/>\n<meta property=\"article:modified_time\" content=\"2025-10-01T11:03:01+00:00\" \/>\n<meta property=\"og:image\" content=\"https:\/\/www.fundacionmagtel.eswp-content\/uploads\/2022\/12\/Premiados-Fundacion-Magtel.jpg\" \/>\n<meta name=\"author\" content=\"Prensa Fundaci\u00f3n Magtel\" \/>\n<meta name=\"twitter:card\" content=\"summary_large_image\" \/>\n<meta name=\"twitter:creator\" content=\"@GrupoMagtel\" \/>\n<meta name=\"twitter:site\" content=\"@GrupoMagtel\" \/>\n<meta name=\"twitter:label1\" content=\"Written by\" \/>\n\t<meta name=\"twitter:data1\" content=\"Prensa Fundaci\u00f3n Magtel\" \/>\n\t<meta name=\"twitter:label2\" content=\"Est. reading time\" \/>\n\t<meta name=\"twitter:data2\" content=\"4 minutes\" \/>\n<script type=\"application\/ld+json\" class=\"yoast-schema-graph\">{\"@context\":\"https:\\\/\\\/schema.org\",\"@graph\":[{\"@type\":\"Article\",\"@id\":\"https:\\\/\\\/fundacionmagtel.es\\\/en\\\/fundacion-magtel-presents-its-awards-for-the-best-initiatives-in-social-action\\\/#article\",\"isPartOf\":{\"@id\":\"https:\\\/\\\/fundacionmagtel.es\\\/en\\\/fundacion-magtel-presents-its-awards-for-the-best-initiatives-in-social-action\\\/\"},\"author\":{\"name\":\"Prensa Fundaci\u00f3n Magtel\",\"@id\":\"https:\\\/\\\/fundacionmagtel.es\\\/en\\\/#\\\/schema\\\/person\\\/6baa43bf614b6cfca14f464ffc7420cc\"},\"headline\":\"Fundaci\u00f3n Magtel presents its awards for the best initiatives in social action\",\"datePublished\":\"2022-12-02T13:53:00+00:00\",\"dateModified\":\"2025-10-01T11:03:01+00:00\",\"mainEntityOfPage\":{\"@id\":\"https:\\\/\\\/fundacionmagtel.es\\\/en\\\/fundacion-magtel-presents-its-awards-for-the-best-initiatives-in-social-action\\\/\"},\"wordCount\":49,\"image\":{\"@id\":\"https:\\\/\\\/fundacionmagtel.es\\\/en\\\/fundacion-magtel-presents-its-awards-for-the-best-initiatives-in-social-action\\\/#primaryimage\"},\"thumbnailUrl\":\"https:\\\/\\\/fundacionmagtel.es\\\/wp-content\\\/uploads\\\/2022\\\/12\\\/III-Premios-Fundacion-1522x534-2-scaled.jpg\",\"keywords\":[\"cooperaci\u00f3n internacional\",\"fundaci\u00f3n magtel\",\"III awards\",\"III Fundaci\u00f3n Magtel awards\",\"inserci\u00f3n sociolaboral\",\"social action\",\"Social Innovation\",\"Technological Innovation\"],\"articleSection\":[\"Employability\",\"Fundaci\u00f3n Magtel\",\"Innovaci\u00f3n Social\",\"Institucional\",\"International cooperation\",\"Social action initiatives\"],\"inLanguage\":\"en-US\"},{\"@type\":\"WebPage\",\"@id\":\"https:\\\/\\\/fundacionmagtel.es\\\/en\\\/fundacion-magtel-presents-its-awards-for-the-best-initiatives-in-social-action\\\/\",\"url\":\"https:\\\/\\\/fundacionmagtel.es\\\/en\\\/fundacion-magtel-presents-its-awards-for-the-best-initiatives-in-social-action\\\/\",\"name\":\"Fundaci\u00f3n Magtel presents its awards for the best initiatives in social action - Fundaci\u00f3n Magtel\",\"isPartOf\":{\"@id\":\"https:\\\/\\\/fundacionmagtel.es\\\/en\\\/#website\"},\"primaryImageOfPage\":{\"@id\":\"https:\\\/\\\/fundacionmagtel.es\\\/en\\\/fundacion-magtel-presents-its-awards-for-the-best-initiatives-in-social-action\\\/#primaryimage\"},\"image\":{\"@id\":\"https:\\\/\\\/fundacionmagtel.es\\\/en\\\/fundacion-magtel-presents-its-awards-for-the-best-initiatives-in-social-action\\\/#primaryimage\"},\"thumbnailUrl\":\"https:\\\/\\\/fundacionmagtel.es\\\/wp-content\\\/uploads\\\/2022\\\/12\\\/III-Premios-Fundacion-1522x534-2-scaled.jpg\",\"datePublished\":\"2022-12-02T13:53:00+00:00\",\"dateModified\":\"2025-10-01T11:03:01+00:00\",\"author\":{\"@id\":\"https:\\\/\\\/fundacionmagtel.es\\\/en\\\/#\\\/schema\\\/person\\\/6baa43bf614b6cfca14f464ffc7420cc\"},\"breadcrumb\":{\"@id\":\"https:\\\/\\\/fundacionmagtel.es\\\/en\\\/fundacion-magtel-presents-its-awards-for-the-best-initiatives-in-social-action\\\/#breadcrumb\"},\"inLanguage\":\"en-US\",\"potentialAction\":[{\"@type\":\"ReadAction\",\"target\":[\"https:\\\/\\\/fundacionmagtel.es\\\/en\\\/fundacion-magtel-presents-its-awards-for-the-best-initiatives-in-social-action\\\/\"]}]},{\"@type\":\"ImageObject\",\"inLanguage\":\"en-US\",\"@id\":\"https:\\\/\\\/fundacionmagtel.es\\\/en\\\/fundacion-magtel-presents-its-awards-for-the-best-initiatives-in-social-action\\\/#primaryimage\",\"url\":\"https:\\\/\\\/fundacionmagtel.es\\\/wp-content\\\/uploads\\\/2022\\\/12\\\/III-Premios-Fundacion-1522x534-2-scaled.jpg\",\"contentUrl\":\"https:\\\/\\\/fundacionmagtel.es\\\/wp-content\\\/uploads\\\/2022\\\/12\\\/III-Premios-Fundacion-1522x534-2-scaled.jpg\",\"width\":2560,\"height\":898},{\"@type\":\"BreadcrumbList\",\"@id\":\"https:\\\/\\\/fundacionmagtel.es\\\/en\\\/fundacion-magtel-presents-its-awards-for-the-best-initiatives-in-social-action\\\/#breadcrumb\",\"itemListElement\":[{\"@type\":\"ListItem\",\"position\":1,\"name\":\"Portada\",\"item\":\"https:\\\/\\\/fundacionmagtel.es\\\/en\\\/home\\\/\"},{\"@type\":\"ListItem\",\"position\":2,\"name\":\"Fundaci\u00f3n Magtel presents its awards for the best initiatives in social action\"}]},{\"@type\":\"WebSite\",\"@id\":\"https:\\\/\\\/fundacionmagtel.es\\\/en\\\/#website\",\"url\":\"https:\\\/\\\/fundacionmagtel.es\\\/en\\\/\",\"name\":\"Fundaci\u00f3n Magtel\",\"description\":\"Fundaci\u00f3n Magtel\",\"potentialAction\":[{\"@type\":\"SearchAction\",\"target\":{\"@type\":\"EntryPoint\",\"urlTemplate\":\"https:\\\/\\\/fundacionmagtel.es\\\/en\\\/?s={search_term_string}\"},\"query-input\":{\"@type\":\"PropertyValueSpecification\",\"valueRequired\":true,\"valueName\":\"search_term_string\"}}],\"inLanguage\":\"en-US\"},{\"@type\":\"Person\",\"@id\":\"https:\\\/\\\/fundacionmagtel.es\\\/en\\\/#\\\/schema\\\/person\\\/6baa43bf614b6cfca14f464ffc7420cc\",\"name\":\"Prensa Fundaci\u00f3n Magtel\",\"image\":{\"@type\":\"ImageObject\",\"inLanguage\":\"en-US\",\"@id\":\"https:\\\/\\\/secure.gravatar.com\\\/avatar\\\/6d7d66567b763de44834c4fa96e648fd6095e7b8d7aeb2d747c7bc226fd6a7fb?s=96&d=mm&r=g\",\"url\":\"https:\\\/\\\/secure.gravatar.com\\\/avatar\\\/6d7d66567b763de44834c4fa96e648fd6095e7b8d7aeb2d747c7bc226fd6a7fb?s=96&d=mm&r=g\",\"contentUrl\":\"https:\\\/\\\/secure.gravatar.com\\\/avatar\\\/6d7d66567b763de44834c4fa96e648fd6095e7b8d7aeb2d747c7bc226fd6a7fb?s=96&d=mm&r=g\",\"caption\":\"Prensa Fundaci\u00f3n Magtel\"},\"url\":\"https:\\\/\\\/fundacionmagtel.es\\\/en\\\/author\\\/raquel\\\/\"}]}<\/script>\n<!-- \/ Yoast SEO plugin. -->","yoast_head_json":{"title":"Fundaci\u00f3n Magtel presents its awards for the best initiatives in social action - Fundaci\u00f3n Magtel","robots":{"index":"index","follow":"follow","max-snippet":"max-snippet:-1","max-image-preview":"max-image-preview:large","max-video-preview":"max-video-preview:-1"},"canonical":"https:\/\/fundacionmagtel.es\/en\/fundacion-magtel-presents-its-awards-for-the-best-initiatives-in-social-action\/","og_locale":"en_US","og_type":"article","og_title":"Fundaci\u00f3n Magtel presents its awards for the best initiatives in social action - Fundaci\u00f3n Magtel","og_description":"In the commemorative act of its tenth anniversary, with the presence of the Regional Minister of Social Inclusion, Youth, Families and Equality of the Junta, Loles L\u00f3pezhttps:\/\/youtu.be\/RcaAENVY3LI The gala in pictures","og_url":"https:\/\/fundacionmagtel.es\/en\/fundacion-magtel-presents-its-awards-for-the-best-initiatives-in-social-action\/","og_site_name":"Fundaci\u00f3n Magtel","article_publisher":"https:\/\/www.facebook.com\/GrupoMagtel\/","article_published_time":"2022-12-02T13:53:00+00:00","article_modified_time":"2025-10-01T11:03:01+00:00","og_image":[{"url":"https:\/\/www.fundacionmagtel.eswp-content\/uploads\/2022\/12\/Premiados-Fundacion-Magtel.jpg","type":"","width":"","height":""}],"author":"Prensa Fundaci\u00f3n Magtel","twitter_card":"summary_large_image","twitter_creator":"@GrupoMagtel","twitter_site":"@GrupoMagtel","twitter_misc":{"Written by":"Prensa Fundaci\u00f3n Magtel","Est. reading time":"4 minutes"},"schema":{"@context":"https:\/\/schema.org","@graph":[{"@type":"Article","@id":"https:\/\/fundacionmagtel.es\/en\/fundacion-magtel-presents-its-awards-for-the-best-initiatives-in-social-action\/#article","isPartOf":{"@id":"https:\/\/fundacionmagtel.es\/en\/fundacion-magtel-presents-its-awards-for-the-best-initiatives-in-social-action\/"},"author":{"name":"Prensa Fundaci\u00f3n Magtel","@id":"https:\/\/fundacionmagtel.es\/en\/#\/schema\/person\/6baa43bf614b6cfca14f464ffc7420cc"},"headline":"Fundaci\u00f3n Magtel presents its awards for the best initiatives in social action","datePublished":"2022-12-02T13:53:00+00:00","dateModified":"2025-10-01T11:03:01+00:00","mainEntityOfPage":{"@id":"https:\/\/fundacionmagtel.es\/en\/fundacion-magtel-presents-its-awards-for-the-best-initiatives-in-social-action\/"},"wordCount":49,"image":{"@id":"https:\/\/fundacionmagtel.es\/en\/fundacion-magtel-presents-its-awards-for-the-best-initiatives-in-social-action\/#primaryimage"},"thumbnailUrl":"https:\/\/fundacionmagtel.es\/wp-content\/uploads\/2022\/12\/III-Premios-Fundacion-1522x534-2-scaled.jpg","keywords":["cooperaci\u00f3n internacional","fundaci\u00f3n magtel","III awards","III Fundaci\u00f3n Magtel awards","inserci\u00f3n sociolaboral","social action","Social Innovation","Technological Innovation"],"articleSection":["Employability","Fundaci\u00f3n Magtel","Innovaci\u00f3n Social","Institucional","International cooperation","Social action initiatives"],"inLanguage":"en-US"},{"@type":"WebPage","@id":"https:\/\/fundacionmagtel.es\/en\/fundacion-magtel-presents-its-awards-for-the-best-initiatives-in-social-action\/","url":"https:\/\/fundacionmagtel.es\/en\/fundacion-magtel-presents-its-awards-for-the-best-initiatives-in-social-action\/","name":"Fundaci\u00f3n Magtel presents its awards for the best initiatives in social action - Fundaci\u00f3n Magtel","isPartOf":{"@id":"https:\/\/fundacionmagtel.es\/en\/#website"},"primaryImageOfPage":{"@id":"https:\/\/fundacionmagtel.es\/en\/fundacion-magtel-presents-its-awards-for-the-best-initiatives-in-social-action\/#primaryimage"},"image":{"@id":"https:\/\/fundacionmagtel.es\/en\/fundacion-magtel-presents-its-awards-for-the-best-initiatives-in-social-action\/#primaryimage"},"thumbnailUrl":"https:\/\/fundacionmagtel.es\/wp-content\/uploads\/2022\/12\/III-Premios-Fundacion-1522x534-2-scaled.jpg","datePublished":"2022-12-02T13:53:00+00:00","dateModified":"2025-10-01T11:03:01+00:00","author":{"@id":"https:\/\/fundacionmagtel.es\/en\/#\/schema\/person\/6baa43bf614b6cfca14f464ffc7420cc"},"breadcrumb":{"@id":"https:\/\/fundacionmagtel.es\/en\/fundacion-magtel-presents-its-awards-for-the-best-initiatives-in-social-action\/#breadcrumb"},"inLanguage":"en-US","potentialAction":[{"@type":"ReadAction","target":["https:\/\/fundacionmagtel.es\/en\/fundacion-magtel-presents-its-awards-for-the-best-initiatives-in-social-action\/"]}]},{"@type":"ImageObject","inLanguage":"en-US","@id":"https:\/\/fundacionmagtel.es\/en\/fundacion-magtel-presents-its-awards-for-the-best-initiatives-in-social-action\/#primaryimage","url":"https:\/\/fundacionmagtel.es\/wp-content\/uploads\/2022\/12\/III-Premios-Fundacion-1522x534-2-scaled.jpg","contentUrl":"https:\/\/fundacionmagtel.es\/wp-content\/uploads\/2022\/12\/III-Premios-Fundacion-1522x534-2-scaled.jpg","width":2560,"height":898},{"@type":"BreadcrumbList","@id":"https:\/\/fundacionmagtel.es\/en\/fundacion-magtel-presents-its-awards-for-the-best-initiatives-in-social-action\/#breadcrumb","itemListElement":[{"@type":"ListItem","position":1,"name":"Portada","item":"https:\/\/fundacionmagtel.es\/en\/home\/"},{"@type":"ListItem","position":2,"name":"Fundaci\u00f3n Magtel presents its awards for the best initiatives in social action"}]},{"@type":"WebSite","@id":"https:\/\/fundacionmagtel.es\/en\/#website","url":"https:\/\/fundacionmagtel.es\/en\/","name":"Fundaci\u00f3n Magtel","description":"Fundaci\u00f3n Magtel","potentialAction":[{"@type":"SearchAction","target":{"@type":"EntryPoint","urlTemplate":"https:\/\/fundacionmagtel.es\/en\/?s={search_term_string}"},"query-input":{"@type":"PropertyValueSpecification","valueRequired":true,"valueName":"search_term_string"}}],"inLanguage":"en-US"},{"@type":"Person","@id":"https:\/\/fundacionmagtel.es\/en\/#\/schema\/person\/6baa43bf614b6cfca14f464ffc7420cc","name":"Prensa Fundaci\u00f3n Magtel","image":{"@type":"ImageObject","inLanguage":"en-US","@id":"https:\/\/secure.gravatar.com\/avatar\/6d7d66567b763de44834c4fa96e648fd6095e7b8d7aeb2d747c7bc226fd6a7fb?s=96&d=mm&r=g","url":"https:\/\/secure.gravatar.com\/avatar\/6d7d66567b763de44834c4fa96e648fd6095e7b8d7aeb2d747c7bc226fd6a7fb?s=96&d=mm&r=g","contentUrl":"https:\/\/secure.gravatar.com\/avatar\/6d7d66567b763de44834c4fa96e648fd6095e7b8d7aeb2d747c7bc226fd6a7fb?s=96&d=mm&r=g","caption":"Prensa Fundaci\u00f3n Magtel"},"url":"https:\/\/fundacionmagtel.es\/en\/author\/raquel\/"}]}},"_links":{"self":[{"href":"https:\/\/fundacionmagtel.es\/en\/wp-json\/wp\/v2\/posts\/10521","targetHints":{"allow":["GET"]}}],"collection":[{"href":"https:\/\/fundacionmagtel.es\/en\/wp-json\/wp\/v2\/posts"}],"about":[{"href":"https:\/\/fundacionmagtel.es\/en\/wp-json\/wp\/v2\/types\/post"}],"author":[{"embeddable":true,"href":"https:\/\/fundacionmagtel.es\/en\/wp-json\/wp\/v2\/users\/8"}],"replies":[{"embeddable":true,"href":"https:\/\/fundacionmagtel.es\/en\/wp-json\/wp\/v2\/comments?post=10521"}],"version-history":[{"count":4,"href":"https:\/\/fundacionmagtel.es\/en\/wp-json\/wp\/v2\/posts\/10521\/revisions"}],"predecessor-version":[{"id":10776,"href":"https:\/\/fundacionmagtel.es\/en\/wp-json\/wp\/v2\/posts\/10521\/revisions\/10776"}],"wp:featuredmedia":[{"embeddable":true,"href":"https:\/\/fundacionmagtel.es\/en\/wp-json\/wp\/v2\/media\/9151"}],"wp:attachment":[{"href":"https:\/\/fundacionmagtel.es\/en\/wp-json\/wp\/v2\/media?parent=10521"}],"wp:term":[{"taxonomy":"category","embeddable":true,"href":"https:\/\/fundacionmagtel.es\/en\/wp-json\/wp\/v2\/categories?post=10521"},{"taxonomy":"post_tag","embeddable":true,"href":"https:\/\/fundacionmagtel.es\/en\/wp-json\/wp\/v2\/tags?post=10521"}],"curies":[{"name":"wp","href":"https:\/\/api.w.org\/{rel}","templated":true}]}}