{"id":10482,"date":"2023-04-24T10:21:00","date_gmt":"2023-04-24T08:21:00","guid":{"rendered":"https:\/\/www.fundacionmagtel.esfundacion-magtel-receives-the-25th-anniversary-fundacion-orange-award-for-its-collaboration-and-support-in-the-digitalisation-of-the-most-vulnerable-groups-in-andalusia\/"},"modified":"2025-10-01T13:02:47","modified_gmt":"2025-10-01T11:02:47","slug":"premio-fundacion-magtel-25-aniversario-orange","status":"publish","type":"post","link":"https:\/\/fundacionmagtel.es\/en\/premio-fundacion-magtel-25-aniversario-orange\/","title":{"rendered":"Fundaci\u00f3n Magtel receives the &#8220;25th Anniversary Fundaci\u00f3n Orange Award&#8221; for its collaboration and support in the digitalisation of the most vulnerable groups in Andalusia"},"content":{"rendered":"\n<h3 class=\"wp-block-heading\"><strong>Fundaci\u00f3n Magtel has received recognition for its collaboration and support of the Foundation in the improvement of digital skills\u00a0of the most vulnerable groups in Andalusia.<\/strong><\/h3>\n\n\n\n<p>In particular, through its initiatives to generate, support and promote the&nbsp;<strong>employability<\/strong>&nbsp;of people at risk of social exclusion.<\/p>\n\n\n\n<p>On the occasion of the\u00a0<strong>celebration of its 25th anniversary<\/strong>, Fundaci\u00f3n Orange also recognised, within this framework of celebration and synergies between third sector organisations, <a href=\"https:\/\/www.fundacionanabella.org\/\" target=\"_blank\" rel=\"noreferrer noopener\">Fundaci\u00f3n Ana Bella<\/a>, for its commitment to helping abused women; and <strong><a href=\"https:\/\/fundaciondonbosco.es\/\" target=\"_blank\" rel=\"noreferrer noopener\">Fundaci\u00f3n Don Bosco<\/a><\/strong> for its socio-educational projects for the socio-occupational integration of young people.<\/p>\n\n\n\n<p>The president of Fundaci\u00f3n Magtel, <strong>Auxiliadora L\u00f3pez Magdaleno<\/strong> said that &#8220;it is an honour for us to be able to support this essential task which contributes to ensuring that&nbsp;<strong>no one gets left behind in the<\/strong>&nbsp;<strong>path of digitalisation,<\/strong> something which is the key for the present and the future&#8221;.<\/p>\n\n\n\n<p>Auxiliadora L\u00f3pez Magdaleno emphasised that, both the Board of Trustees of the Fundaci\u00f3n Magtel and all those who work and form part of the team of this entity, &#8220;see this recognition as an impetus to move forward, with even more enthusiasm if possible&#8221;.<\/p>\n\n\n\n<p>In addition, during the meeting, a <strong>round table<\/strong> discussion was held in which&nbsp;&nbsp;experts debated the possible applications of technology to&nbsp;<strong>reduce the digital divide<\/strong>&nbsp;in the most vulnerable groups or those with greater communication difficulties.<\/p>\n\n\n\n<p>The colloquium was attended, in addition to the director of Fundaci\u00f3n Magtel, <strong>Adri\u00e1n Fern\u00e1ndez C\u00e1rdenas<\/strong> the operational director of the Fundaci\u00f3n Ana Bella,\u00a0<strong>Mar\u00eda Gracia Prada<\/strong> the general director of Fundaci\u00f3n Don Bosco and president of Escuelas de Segunda Oportunidad (E2O), Ignacio Fern\u00e1ndez C\u00e1rdenas,<strong>\u00a0Ignacio Vazquez<\/strong> and the General Director of <a href=\"https:\/\/www.autismosevilla.org\/\" target=\"_blank\" rel=\"noreferrer noopener\">Autismo Sevilla<\/a>,\u00a0<strong>Marcos Zamora<\/strong>.<\/p>\n\n\n\n<h4 class=\"wp-block-heading\">25 years promoting initiatives<\/h4>\n\n\n\n<p>The Fundaci\u00f3n Orange is celebrating 25 years of promoting the digital skills of people at risk of exclusion, joining forces with other entities in Andalusia to promote, in particular, initiatives aimed at<strong>&nbsp;young people with difficulties adapting to the traditional education system, women in vulnerable situations and those with Autism Spectrum Disorder (ASD).<\/strong><\/p>\n","protected":false},"excerpt":{"rendered":"<p>Fundaci\u00f3n Magtel has received recognition for its collaboration and support of the Foundation in the improvement of digital skills\u00a0of the most vulnerable groups in Andalusia. In particular, through its initiatives to generate, support and promote the&nbsp;employability&nbsp;of people at risk of social exclusion. On the occasion of the\u00a0celebration of its 25th anniversary, Fundaci\u00f3n Orange also recognised, &hellip; <\/p>\n<p class=\"link-more\"><a href=\"https:\/\/fundacionmagtel.es\/en\/premio-fundacion-magtel-25-aniversario-orange\/\" class=\"more-link\">Continue reading<span class=\"screen-reader-text\"> &#8220;Fundaci\u00f3n Magtel receives the &#8220;25th Anniversary Fundaci\u00f3n Orange Award&#8221; for its collaboration and support in the digitalisation of the most vulnerable groups in Andalusia&#8221;<\/span><\/a><\/p>\n","protected":false},"author":16,"featured_media":9618,"comment_status":"closed","ping_status":"closed","sticky":false,"template":"","format":"standard","meta":{"_exactmetrics_skip_tracking":false,"_exactmetrics_sitenote_active":false,"_exactmetrics_sitenote_note":"","_exactmetrics_sitenote_category":0,"footnotes":""},"categories":[640,101],"tags":[106,111,658,664],"class_list":["post-10482","post","type-post","status-publish","format-standard","has-post-thumbnail","hentry","category-institucional-en","category-news","tag-empleabilidad-en","tag-fundacion-magtel-en","tag-fundacion-orange-en","tag-recognition-en"],"yoast_head":"<!-- This site is optimized with the Yoast SEO plugin v27.3 - https:\/\/yoast.com\/product\/yoast-seo-wordpress\/ -->\n<title>Fundaci\u00f3n Magtel receives the &quot;25th Anniversary Fundaci\u00f3n Orange Award&quot; for its collaboration and support in the digitalisation of the most vulnerable groups in Andalusia - Fundaci\u00f3n Magtel<\/title>\n<meta name=\"robots\" content=\"index, follow, max-snippet:-1, max-image-preview:large, max-video-preview:-1\" \/>\n<link rel=\"canonical\" href=\"https:\/\/fundacionmagtel.es\/en\/premio-fundacion-magtel-25-aniversario-orange\/\" \/>\n<meta property=\"og:locale\" content=\"en_US\" \/>\n<meta property=\"og:type\" content=\"article\" \/>\n<meta property=\"og:title\" content=\"Fundaci\u00f3n Magtel receives the &quot;25th Anniversary Fundaci\u00f3n Orange Award&quot; for its collaboration and support in the digitalisation of the most vulnerable groups in Andalusia - Fundaci\u00f3n Magtel\" \/>\n<meta property=\"og:description\" content=\"Fundaci\u00f3n Magtel has received recognition for its collaboration and support of the Foundation in the improvement of digital skills\u00a0of the most vulnerable groups in Andalusia. In particular, through its initiatives to generate, support and promote the&nbsp;employability&nbsp;of people at risk of social exclusion. On the occasion of the\u00a0celebration of its 25th anniversary, Fundaci\u00f3n Orange also recognised, &hellip; Continue reading &quot;Fundaci\u00f3n Magtel receives the &#8220;25th Anniversary Fundaci\u00f3n Orange Award&#8221; for its collaboration and support in the digitalisation of the most vulnerable groups in Andalusia&quot;\" \/>\n<meta property=\"og:url\" content=\"https:\/\/fundacionmagtel.es\/en\/premio-fundacion-magtel-25-aniversario-orange\/\" \/>\n<meta property=\"og:site_name\" content=\"Fundaci\u00f3n Magtel\" \/>\n<meta property=\"article:publisher\" content=\"https:\/\/www.facebook.com\/GrupoMagtel\/\" \/>\n<meta property=\"article:published_time\" content=\"2023-04-24T08:21:00+00:00\" \/>\n<meta property=\"article:modified_time\" content=\"2025-10-01T11:02:47+00:00\" \/>\n<meta property=\"og:image\" content=\"https:\/\/fundacionmagtel.es\/wp-content\/uploads\/2023\/04\/Premiados_Fundacion-Orange_recorte-Fundacion-1.jpg\" \/>\n\t<meta property=\"og:image:width\" content=\"1920\" \/>\n\t<meta property=\"og:image:height\" content=\"673\" \/>\n\t<meta property=\"og:image:type\" content=\"image\/jpeg\" \/>\n<meta name=\"author\" content=\"Nacho\" \/>\n<meta name=\"twitter:card\" content=\"summary_large_image\" \/>\n<meta name=\"twitter:creator\" content=\"@GrupoMagtel\" \/>\n<meta name=\"twitter:site\" content=\"@GrupoMagtel\" \/>\n<meta name=\"twitter:label1\" content=\"Written by\" \/>\n\t<meta name=\"twitter:data1\" content=\"Nacho\" \/>\n\t<meta name=\"twitter:label2\" content=\"Est. reading time\" \/>\n\t<meta name=\"twitter:data2\" content=\"2 minutes\" \/>\n<script type=\"application\/ld+json\" class=\"yoast-schema-graph\">{\"@context\":\"https:\\\/\\\/schema.org\",\"@graph\":[{\"@type\":\"Article\",\"@id\":\"https:\\\/\\\/fundacionmagtel.es\\\/en\\\/premio-fundacion-magtel-25-aniversario-orange\\\/#article\",\"isPartOf\":{\"@id\":\"https:\\\/\\\/fundacionmagtel.es\\\/en\\\/premio-fundacion-magtel-25-aniversario-orange\\\/\"},\"author\":{\"name\":\"Nacho\",\"@id\":\"https:\\\/\\\/fundacionmagtel.es\\\/en\\\/#\\\/schema\\\/person\\\/4e0713c2a4fbdff6c748b3723018c9c5\"},\"headline\":\"Fundaci\u00f3n Magtel receives the &#8220;25th Anniversary Fundaci\u00f3n Orange Award&#8221; for its collaboration and support in the digitalisation of the most vulnerable groups in Andalusia\",\"datePublished\":\"2023-04-24T08:21:00+00:00\",\"dateModified\":\"2025-10-01T11:02:47+00:00\",\"mainEntityOfPage\":{\"@id\":\"https:\\\/\\\/fundacionmagtel.es\\\/en\\\/premio-fundacion-magtel-25-aniversario-orange\\\/\"},\"wordCount\":388,\"image\":{\"@id\":\"https:\\\/\\\/fundacionmagtel.es\\\/en\\\/premio-fundacion-magtel-25-aniversario-orange\\\/#primaryimage\"},\"thumbnailUrl\":\"https:\\\/\\\/fundacionmagtel.es\\\/wp-content\\\/uploads\\\/2023\\\/04\\\/Premiados_Fundacion-Orange_recorte-Fundacion-1.jpg\",\"keywords\":[\"empleabilidad\",\"fundaci\u00f3n magtel\",\"fundacion orange\",\"recognition\"],\"articleSection\":[\"Institucional\",\"news\"],\"inLanguage\":\"en-US\"},{\"@type\":\"WebPage\",\"@id\":\"https:\\\/\\\/fundacionmagtel.es\\\/en\\\/premio-fundacion-magtel-25-aniversario-orange\\\/\",\"url\":\"https:\\\/\\\/fundacionmagtel.es\\\/en\\\/premio-fundacion-magtel-25-aniversario-orange\\\/\",\"name\":\"Fundaci\u00f3n Magtel receives the \\\"25th Anniversary Fundaci\u00f3n Orange Award\\\" for its collaboration and support in the digitalisation of the most vulnerable groups in Andalusia - Fundaci\u00f3n Magtel\",\"isPartOf\":{\"@id\":\"https:\\\/\\\/fundacionmagtel.es\\\/en\\\/#website\"},\"primaryImageOfPage\":{\"@id\":\"https:\\\/\\\/fundacionmagtel.es\\\/en\\\/premio-fundacion-magtel-25-aniversario-orange\\\/#primaryimage\"},\"image\":{\"@id\":\"https:\\\/\\\/fundacionmagtel.es\\\/en\\\/premio-fundacion-magtel-25-aniversario-orange\\\/#primaryimage\"},\"thumbnailUrl\":\"https:\\\/\\\/fundacionmagtel.es\\\/wp-content\\\/uploads\\\/2023\\\/04\\\/Premiados_Fundacion-Orange_recorte-Fundacion-1.jpg\",\"datePublished\":\"2023-04-24T08:21:00+00:00\",\"dateModified\":\"2025-10-01T11:02:47+00:00\",\"author\":{\"@id\":\"https:\\\/\\\/fundacionmagtel.es\\\/en\\\/#\\\/schema\\\/person\\\/4e0713c2a4fbdff6c748b3723018c9c5\"},\"breadcrumb\":{\"@id\":\"https:\\\/\\\/fundacionmagtel.es\\\/en\\\/premio-fundacion-magtel-25-aniversario-orange\\\/#breadcrumb\"},\"inLanguage\":\"en-US\",\"potentialAction\":[{\"@type\":\"ReadAction\",\"target\":[\"https:\\\/\\\/fundacionmagtel.es\\\/en\\\/premio-fundacion-magtel-25-aniversario-orange\\\/\"]}]},{\"@type\":\"ImageObject\",\"inLanguage\":\"en-US\",\"@id\":\"https:\\\/\\\/fundacionmagtel.es\\\/en\\\/premio-fundacion-magtel-25-aniversario-orange\\\/#primaryimage\",\"url\":\"https:\\\/\\\/fundacionmagtel.es\\\/wp-content\\\/uploads\\\/2023\\\/04\\\/Premiados_Fundacion-Orange_recorte-Fundacion-1.jpg\",\"contentUrl\":\"https:\\\/\\\/fundacionmagtel.es\\\/wp-content\\\/uploads\\\/2023\\\/04\\\/Premiados_Fundacion-Orange_recorte-Fundacion-1.jpg\",\"width\":1920,\"height\":673},{\"@type\":\"BreadcrumbList\",\"@id\":\"https:\\\/\\\/fundacionmagtel.es\\\/en\\\/premio-fundacion-magtel-25-aniversario-orange\\\/#breadcrumb\",\"itemListElement\":[{\"@type\":\"ListItem\",\"position\":1,\"name\":\"Portada\",\"item\":\"https:\\\/\\\/fundacionmagtel.es\\\/en\\\/home\\\/\"},{\"@type\":\"ListItem\",\"position\":2,\"name\":\"Fundaci\u00f3n Magtel receives the \u00ab25th Anniversary Fundaci\u00f3n Orange Award\u00bb for its collaboration and support in the digitalisation of the most vulnerable groups in Andalusia\"}]},{\"@type\":\"WebSite\",\"@id\":\"https:\\\/\\\/fundacionmagtel.es\\\/en\\\/#website\",\"url\":\"https:\\\/\\\/fundacionmagtel.es\\\/en\\\/\",\"name\":\"Fundaci\u00f3n Magtel\",\"description\":\"Fundaci\u00f3n Magtel\",\"potentialAction\":[{\"@type\":\"SearchAction\",\"target\":{\"@type\":\"EntryPoint\",\"urlTemplate\":\"https:\\\/\\\/fundacionmagtel.es\\\/en\\\/?s={search_term_string}\"},\"query-input\":{\"@type\":\"PropertyValueSpecification\",\"valueRequired\":true,\"valueName\":\"search_term_string\"}}],\"inLanguage\":\"en-US\"},{\"@type\":\"Person\",\"@id\":\"https:\\\/\\\/fundacionmagtel.es\\\/en\\\/#\\\/schema\\\/person\\\/4e0713c2a4fbdff6c748b3723018c9c5\",\"name\":\"Nacho\",\"image\":{\"@type\":\"ImageObject\",\"inLanguage\":\"en-US\",\"@id\":\"https:\\\/\\\/secure.gravatar.com\\\/avatar\\\/c7726c80403dc152278e8207465d82341ce3ebd838fdf3faf63d10481e015936?s=96&d=mm&r=g\",\"url\":\"https:\\\/\\\/secure.gravatar.com\\\/avatar\\\/c7726c80403dc152278e8207465d82341ce3ebd838fdf3faf63d10481e015936?s=96&d=mm&r=g\",\"contentUrl\":\"https:\\\/\\\/secure.gravatar.com\\\/avatar\\\/c7726c80403dc152278e8207465d82341ce3ebd838fdf3faf63d10481e015936?s=96&d=mm&r=g\",\"caption\":\"Nacho\"},\"url\":\"https:\\\/\\\/fundacionmagtel.es\\\/en\\\/author\\\/nacho\\\/\"}]}<\/script>\n<!-- \/ Yoast SEO plugin. -->","yoast_head_json":{"title":"Fundaci\u00f3n Magtel receives the \"25th Anniversary Fundaci\u00f3n Orange Award\" for its collaboration and support in the digitalisation of the most vulnerable groups in Andalusia - Fundaci\u00f3n Magtel","robots":{"index":"index","follow":"follow","max-snippet":"max-snippet:-1","max-image-preview":"max-image-preview:large","max-video-preview":"max-video-preview:-1"},"canonical":"https:\/\/fundacionmagtel.es\/en\/premio-fundacion-magtel-25-aniversario-orange\/","og_locale":"en_US","og_type":"article","og_title":"Fundaci\u00f3n Magtel receives the \"25th Anniversary Fundaci\u00f3n Orange Award\" for its collaboration and support in the digitalisation of the most vulnerable groups in Andalusia - Fundaci\u00f3n Magtel","og_description":"Fundaci\u00f3n Magtel has received recognition for its collaboration and support of the Foundation in the improvement of digital skills\u00a0of the most vulnerable groups in Andalusia. In particular, through its initiatives to generate, support and promote the&nbsp;employability&nbsp;of people at risk of social exclusion. On the occasion of the\u00a0celebration of its 25th anniversary, Fundaci\u00f3n Orange also recognised, &hellip; Continue reading \"Fundaci\u00f3n Magtel receives the &#8220;25th Anniversary Fundaci\u00f3n Orange Award&#8221; for its collaboration and support in the digitalisation of the most vulnerable groups in Andalusia\"","og_url":"https:\/\/fundacionmagtel.es\/en\/premio-fundacion-magtel-25-aniversario-orange\/","og_site_name":"Fundaci\u00f3n Magtel","article_publisher":"https:\/\/www.facebook.com\/GrupoMagtel\/","article_published_time":"2023-04-24T08:21:00+00:00","article_modified_time":"2025-10-01T11:02:47+00:00","og_image":[{"width":1920,"height":673,"url":"https:\/\/fundacionmagtel.es\/wp-content\/uploads\/2023\/04\/Premiados_Fundacion-Orange_recorte-Fundacion-1.jpg","type":"image\/jpeg"}],"author":"Nacho","twitter_card":"summary_large_image","twitter_creator":"@GrupoMagtel","twitter_site":"@GrupoMagtel","twitter_misc":{"Written by":"Nacho","Est. reading time":"2 minutes"},"schema":{"@context":"https:\/\/schema.org","@graph":[{"@type":"Article","@id":"https:\/\/fundacionmagtel.es\/en\/premio-fundacion-magtel-25-aniversario-orange\/#article","isPartOf":{"@id":"https:\/\/fundacionmagtel.es\/en\/premio-fundacion-magtel-25-aniversario-orange\/"},"author":{"name":"Nacho","@id":"https:\/\/fundacionmagtel.es\/en\/#\/schema\/person\/4e0713c2a4fbdff6c748b3723018c9c5"},"headline":"Fundaci\u00f3n Magtel receives the &#8220;25th Anniversary Fundaci\u00f3n Orange Award&#8221; for its collaboration and support in the digitalisation of the most vulnerable groups in Andalusia","datePublished":"2023-04-24T08:21:00+00:00","dateModified":"2025-10-01T11:02:47+00:00","mainEntityOfPage":{"@id":"https:\/\/fundacionmagtel.es\/en\/premio-fundacion-magtel-25-aniversario-orange\/"},"wordCount":388,"image":{"@id":"https:\/\/fundacionmagtel.es\/en\/premio-fundacion-magtel-25-aniversario-orange\/#primaryimage"},"thumbnailUrl":"https:\/\/fundacionmagtel.es\/wp-content\/uploads\/2023\/04\/Premiados_Fundacion-Orange_recorte-Fundacion-1.jpg","keywords":["empleabilidad","fundaci\u00f3n magtel","fundacion orange","recognition"],"articleSection":["Institucional","news"],"inLanguage":"en-US"},{"@type":"WebPage","@id":"https:\/\/fundacionmagtel.es\/en\/premio-fundacion-magtel-25-aniversario-orange\/","url":"https:\/\/fundacionmagtel.es\/en\/premio-fundacion-magtel-25-aniversario-orange\/","name":"Fundaci\u00f3n Magtel receives the \"25th Anniversary Fundaci\u00f3n Orange Award\" for its collaboration and support in the digitalisation of the most vulnerable groups in Andalusia - Fundaci\u00f3n Magtel","isPartOf":{"@id":"https:\/\/fundacionmagtel.es\/en\/#website"},"primaryImageOfPage":{"@id":"https:\/\/fundacionmagtel.es\/en\/premio-fundacion-magtel-25-aniversario-orange\/#primaryimage"},"image":{"@id":"https:\/\/fundacionmagtel.es\/en\/premio-fundacion-magtel-25-aniversario-orange\/#primaryimage"},"thumbnailUrl":"https:\/\/fundacionmagtel.es\/wp-content\/uploads\/2023\/04\/Premiados_Fundacion-Orange_recorte-Fundacion-1.jpg","datePublished":"2023-04-24T08:21:00+00:00","dateModified":"2025-10-01T11:02:47+00:00","author":{"@id":"https:\/\/fundacionmagtel.es\/en\/#\/schema\/person\/4e0713c2a4fbdff6c748b3723018c9c5"},"breadcrumb":{"@id":"https:\/\/fundacionmagtel.es\/en\/premio-fundacion-magtel-25-aniversario-orange\/#breadcrumb"},"inLanguage":"en-US","potentialAction":[{"@type":"ReadAction","target":["https:\/\/fundacionmagtel.es\/en\/premio-fundacion-magtel-25-aniversario-orange\/"]}]},{"@type":"ImageObject","inLanguage":"en-US","@id":"https:\/\/fundacionmagtel.es\/en\/premio-fundacion-magtel-25-aniversario-orange\/#primaryimage","url":"https:\/\/fundacionmagtel.es\/wp-content\/uploads\/2023\/04\/Premiados_Fundacion-Orange_recorte-Fundacion-1.jpg","contentUrl":"https:\/\/fundacionmagtel.es\/wp-content\/uploads\/2023\/04\/Premiados_Fundacion-Orange_recorte-Fundacion-1.jpg","width":1920,"height":673},{"@type":"BreadcrumbList","@id":"https:\/\/fundacionmagtel.es\/en\/premio-fundacion-magtel-25-aniversario-orange\/#breadcrumb","itemListElement":[{"@type":"ListItem","position":1,"name":"Portada","item":"https:\/\/fundacionmagtel.es\/en\/home\/"},{"@type":"ListItem","position":2,"name":"Fundaci\u00f3n Magtel receives the \u00ab25th Anniversary Fundaci\u00f3n Orange Award\u00bb for its collaboration and support in the digitalisation of the most vulnerable groups in Andalusia"}]},{"@type":"WebSite","@id":"https:\/\/fundacionmagtel.es\/en\/#website","url":"https:\/\/fundacionmagtel.es\/en\/","name":"Fundaci\u00f3n Magtel","description":"Fundaci\u00f3n Magtel","potentialAction":[{"@type":"SearchAction","target":{"@type":"EntryPoint","urlTemplate":"https:\/\/fundacionmagtel.es\/en\/?s={search_term_string}"},"query-input":{"@type":"PropertyValueSpecification","valueRequired":true,"valueName":"search_term_string"}}],"inLanguage":"en-US"},{"@type":"Person","@id":"https:\/\/fundacionmagtel.es\/en\/#\/schema\/person\/4e0713c2a4fbdff6c748b3723018c9c5","name":"Nacho","image":{"@type":"ImageObject","inLanguage":"en-US","@id":"https:\/\/secure.gravatar.com\/avatar\/c7726c80403dc152278e8207465d82341ce3ebd838fdf3faf63d10481e015936?s=96&d=mm&r=g","url":"https:\/\/secure.gravatar.com\/avatar\/c7726c80403dc152278e8207465d82341ce3ebd838fdf3faf63d10481e015936?s=96&d=mm&r=g","contentUrl":"https:\/\/secure.gravatar.com\/avatar\/c7726c80403dc152278e8207465d82341ce3ebd838fdf3faf63d10481e015936?s=96&d=mm&r=g","caption":"Nacho"},"url":"https:\/\/fundacionmagtel.es\/en\/author\/nacho\/"}]}},"_links":{"self":[{"href":"https:\/\/fundacionmagtel.es\/en\/wp-json\/wp\/v2\/posts\/10482","targetHints":{"allow":["GET"]}}],"collection":[{"href":"https:\/\/fundacionmagtel.es\/en\/wp-json\/wp\/v2\/posts"}],"about":[{"href":"https:\/\/fundacionmagtel.es\/en\/wp-json\/wp\/v2\/types\/post"}],"author":[{"embeddable":true,"href":"https:\/\/fundacionmagtel.es\/en\/wp-json\/wp\/v2\/users\/16"}],"replies":[{"embeddable":true,"href":"https:\/\/fundacionmagtel.es\/en\/wp-json\/wp\/v2\/comments?post=10482"}],"version-history":[{"count":3,"href":"https:\/\/fundacionmagtel.es\/en\/wp-json\/wp\/v2\/posts\/10482\/revisions"}],"predecessor-version":[{"id":10893,"href":"https:\/\/fundacionmagtel.es\/en\/wp-json\/wp\/v2\/posts\/10482\/revisions\/10893"}],"wp:featuredmedia":[{"embeddable":true,"href":"https:\/\/fundacionmagtel.es\/en\/wp-json\/wp\/v2\/media\/9618"}],"wp:attachment":[{"href":"https:\/\/fundacionmagtel.es\/en\/wp-json\/wp\/v2\/media?parent=10482"}],"wp:term":[{"taxonomy":"category","embeddable":true,"href":"https:\/\/fundacionmagtel.es\/en\/wp-json\/wp\/v2\/categories?post=10482"},{"taxonomy":"post_tag","embeddable":true,"href":"https:\/\/fundacionmagtel.es\/en\/wp-json\/wp\/v2\/tags?post=10482"}],"curies":[{"name":"wp","href":"https:\/\/api.w.org\/{rel}","templated":true}]}}